{"id":859,"date":"2024-09-27T17:10:49","date_gmt":"2024-09-27T15:10:49","guid":{"rendered":"https:\/\/gruene-bag-bildung.de\/?p=859"},"modified":"2024-09-27T17:15:07","modified_gmt":"2024-09-27T15:15:07","slug":"clustertreffen-gesellschaft-20-bis-22-september-2024-in-duisburg","status":"publish","type":"post","link":"https:\/\/gruene-bag-bildung.de\/index.php\/2024\/09\/27\/clustertreffen-gesellschaft-20-bis-22-september-2024-in-duisburg\/","title":{"rendered":"\u201eClustertreffen Gesellschaft\u201c 20. bis 22. September 2024 in Duisburg"},"content":{"rendered":"\n<p>Im Verlauf des Septembers 2024 fanden an verschiedenen Orten insgesamt vier Treffen der Bundesarbeitsgemeinschaften (BAG) von B\u00fcndnis 90 \/ Die Gr\u00fcnen in einem neuen Format statt:<\/p>\n\n\n\n<p>Mehrere Bundesarbeitsgemeinschaften kamen jeweils als \u201eCluster\u201c an einem Tagungsort<br>zusammen. So hatten die Expertinnen aus den einzelnen Arbeitsgemeinschaften die M\u00f6glichkeit, sich zu wichtigen gesellschaftlichen Fragestellungen schwerpunkt\u00fcbergreifend in einem produktiven Setting auszutauschen und strategische Perspektiven zu diskutieren.<\/p>\n\n\n\n<div class=\"wp-block-media-text is-stacked-on-mobile is-vertically-aligned-top\" style=\"grid-template-columns:43% auto\"><figure class=\"wp-block-media-text__media\"><img loading=\"lazy\" decoding=\"async\" width=\"768\" height=\"1024\" src=\"https:\/\/gruene-bag-bildung.de\/wp-content\/uploads\/2024\/09\/06_Cluster-3-BAG-1-768x1024.jpg\" alt=\"\" class=\"wp-image-864 size-full\" srcset=\"https:\/\/gruene-bag-bildung.de\/wp-content\/uploads\/2024\/09\/06_Cluster-3-BAG-1-768x1024.jpg 768w, https:\/\/gruene-bag-bildung.de\/wp-content\/uploads\/2024\/09\/06_Cluster-3-BAG-1-225x300.jpg 225w, https:\/\/gruene-bag-bildung.de\/wp-content\/uploads\/2024\/09\/06_Cluster-3-BAG-1-1152x1536.jpg 1152w, https:\/\/gruene-bag-bildung.de\/wp-content\/uploads\/2024\/09\/06_Cluster-3-BAG-1-1536x2048.jpg 1536w, https:\/\/gruene-bag-bildung.de\/wp-content\/uploads\/2024\/09\/06_Cluster-3-BAG-1.jpg 1734w\" sizes=\"auto, (max-width: 768px) 100vw, 768px\" \/><\/figure><div class=\"wp-block-media-text__content\">\n<p>Unsere BAG Bildung war dem Cluster 4 \u201eGesellschaft\u201c zugeordnet &#8211; zusammen mit den Bundesarbeitsgemeinschaften Wissenschaft-Hochschule-Technologiefolgen, Behindertenpolitik, Kultur, Frauenpolitik und Lesbenpolitik. Au\u00dferdem vertreten waren einige Delegierte der BAG Demokratie und Recht und der BAG Digitales und Medien. Als Tagungsort stand die Jugendherberge in Duisburg am Sportpark zur Verf\u00fcgung. In der Vorbereitung des Clustertreffens hatten sich die beteiligten BAG-Sprecherinnen f\u00fcr das Querschnitts- und Schwerpunktthema \u201eEinsatz von K\u00fcnstlicher Intelligenz in unterschiedlichen gesellschaftlichen Bereichen\u201c entschieden.<\/p>\n\n\n\n<p><\/p>\n\n\n\n<p><\/p>\n<\/div><\/div>\n\n\n\n<p>Fachlichen Input zum Thema gaben der Gr\u00fcne Europaabgeordnete Sergey Lagodinsky und der Bundestagsabgeordnete Tobias Bacherle, Obmann im Ausschuss f\u00fcr Digitales des Deutschen Bundestags. In drei Workshops diskutierten die anwesenden BAG-Delegierten vertiefend Fragestellungen zu Chancen und Regelungsnotwendigkeiten von K\u00fcnstlicher Intelligenz: <\/p>\n\n\n\n<p>(1)&nbsp;Urheberrecht in der Kreativ- und Kulturwirtschaft, (2)&nbsp;KI in Bildung und Wissenschaft,<br>(3)&nbsp;Demokratie: Journalismus, Meinungsbildung und Diskriminierung. <\/p>\n\n\n\n<p>Aus den Workshops heraus wurden Projektskizzen f\u00fcr m\u00f6gliche politische Vorhaben erstellt, die in die Erarbeitung des Bundestagswahlprogramms einflie\u00dfen sollen.<\/p>\n","protected":false},"excerpt":{"rendered":"<p>Im Verlauf des Septembers 2024 fanden an verschiedenen Orten insgesamt vier Treffen der Bundesarbeitsgemeinschaften (BAG) von B\u00fcndnis 90 \/ Die Gr\u00fcnen in einem neuen Format statt: Mehrere Bundesarbeitsgemeinschaften kamen jeweils [&hellip;]<\/p>\n","protected":false},"author":-1,"featured_media":860,"comment_status":"closed","ping_status":"open","sticky":false,"template":"","format":"standard","meta":{"footnotes":""},"categories":[1],"tags":[22,13],"class_list":["post-859","post","type-post","status-publish","format-standard","has-post-thumbnail","hentry","category-allgemein","tag-clustertagung","tag-tagungsbericht"],"_links":{"self":[{"href":"https:\/\/gruene-bag-bildung.de\/index.php\/wp-json\/wp\/v2\/posts\/859","targetHints":{"allow":["GET"]}}],"collection":[{"href":"https:\/\/gruene-bag-bildung.de\/index.php\/wp-json\/wp\/v2\/posts"}],"about":[{"href":"https:\/\/gruene-bag-bildung.de\/index.php\/wp-json\/wp\/v2\/types\/post"}],"author":[{"embeddable":true,"href":"https:\/\/gruene-bag-bildung.de\/index.php\/wp-json\/wp\/v2\/users\/3"}],"replies":[{"embeddable":true,"href":"https:\/\/gruene-bag-bildung.de\/index.php\/wp-json\/wp\/v2\/comments?post=859"}],"version-history":[{"count":2,"href":"https:\/\/gruene-bag-bildung.de\/index.php\/wp-json\/wp\/v2\/posts\/859\/revisions"}],"predecessor-version":[{"id":865,"href":"https:\/\/gruene-bag-bildung.de\/index.php\/wp-json\/wp\/v2\/posts\/859\/revisions\/865"}],"wp:featuredmedia":[{"embeddable":true,"href":"https:\/\/gruene-bag-bildung.de\/index.php\/wp-json\/wp\/v2\/media\/860"}],"wp:attachment":[{"href":"https:\/\/gruene-bag-bildung.de\/index.php\/wp-json\/wp\/v2\/media?parent=859"}],"wp:term":[{"taxonomy":"category","embeddable":true,"href":"https:\/\/gruene-bag-bildung.de\/index.php\/wp-json\/wp\/v2\/categories?post=859"},{"taxonomy":"post_tag","embeddable":true,"href":"https:\/\/gruene-bag-bildung.de\/index.php\/wp-json\/wp\/v2\/tags?post=859"}],"curies":[{"name":"wp","href":"https:\/\/api.w.org\/{rel}","templated":true}]}}