{"id":695,"date":"2023-11-18T21:21:49","date_gmt":"2023-11-18T20:21:49","guid":{"rendered":"https:\/\/gruene-bag-bildung.de\/?p=695"},"modified":"2023-11-21T10:50:26","modified_gmt":"2023-11-21T09:50:26","slug":"iqb-bildungstrend-startchancenprogramm-kmk-reformprozess-massnahmen-gegen-lehrkraeftemangel-und-zur-lehrkraeftegewinnung-die-november-tagung-2023-in-frankfurt","status":"publish","type":"post","link":"https:\/\/gruene-bag-bildung.de\/index.php\/2023\/11\/18\/iqb-bildungstrend-startchancenprogramm-kmk-reformprozess-massnahmen-gegen-lehrkraeftemangel-und-zur-lehrkraeftegewinnung-die-november-tagung-2023-in-frankfurt\/","title":{"rendered":"Berufliche Bildung, IQB-Bildungstrend, Startchancenprogramm, KMK-Reformprozess, Ma\u00dfnahmen gegen Lehrkr\u00e4ftemangel und zur Lehrkr\u00e4ftegewinnung. Die November-Tagung 2023 in Frankfurt"},"content":{"rendered":"\n<p>Am 17. und 18. November fand in Frankfurt\/Main im Spenerhaus unsere BAG-Bildung-Herbsttagung im Jahr 2023 statt. Auch dieses Mal war unsere <a href=\"https:\/\/gruene-bag-bildung.de\/wp-content\/uploads\/2023\/11\/Tagesordnung-Bund-Laender-Treffen-Frankfurt-17.11.-und-18.11.2023.pdf\">Tagesordnung <\/a>wieder einmal prall gef\u00fcllt. <\/p>\n\n\n\n<p>Im Austausch mit der Bundestagsfraktion (Nina Stahr, MdB &#8211; online) haben wir den aktuellen Stand des Startchancenprogrammes diskutiert. <a href=\"https:\/\/gruene-bag-bildung.de\/wp-content\/uploads\/2023\/11\/Eckpunkte-Startchancenprogramm.pdf\">Die Eckpunkte liegen inzwischen vor. <\/a>Der Bund stellt beginnend ab 2024 f\u00fcr eine Laufzeit von 10 Jahren insg. 1 Mrd. \u20ac pro Jahr zur Verf\u00fcgung. Im Jahr 2024 sollen bereits 1.000 Schulen davon profitieren. Insgesamt sollen 4.000 Schulen im Programm Unterst\u00fctzung erhalten. Die L\u00e4nder sollen in gleicher H\u00f6he kofinanzieren, k\u00f6nnen allerdings eigene Programme anrechnen lassen. Eine Verwaltungsvereinbarung steht allerdings noch aus, soll aber noch in diesem Jahr auf KMK-Ebene diskutiert werden. Unklar ist u.a. wie die Programmevaluierung erfolgen soll.<\/p>\n\n\n\n<figure class=\"wp-block-gallery has-nested-images columns-default is-cropped wp-block-gallery-2 is-layout-flex wp-block-gallery-is-layout-flex\">\n<figure class=\"wp-block-image size-large\"><img loading=\"lazy\" decoding=\"async\" width=\"1024\" height=\"768\" data-id=\"707\" src=\"https:\/\/gruene-bag-bildung.de\/wp-content\/uploads\/2023\/11\/IMG_5384-1-1024x768.webp\" alt=\"\" class=\"wp-image-707\" srcset=\"https:\/\/gruene-bag-bildung.de\/wp-content\/uploads\/2023\/11\/IMG_5384-1-1024x768.webp 1024w, https:\/\/gruene-bag-bildung.de\/wp-content\/uploads\/2023\/11\/IMG_5384-1-300x225.webp 300w, https:\/\/gruene-bag-bildung.de\/wp-content\/uploads\/2023\/11\/IMG_5384-1-768x576.webp 768w, https:\/\/gruene-bag-bildung.de\/wp-content\/uploads\/2023\/11\/IMG_5384-1-1536x1152.webp 1536w, https:\/\/gruene-bag-bildung.de\/wp-content\/uploads\/2023\/11\/IMG_5384-1-2048x1536.webp 2048w\" sizes=\"auto, (max-width: 1024px) 100vw, 1024px\" \/><\/figure>\n\n\n\n<figure class=\"wp-block-image size-large\"><img loading=\"lazy\" decoding=\"async\" width=\"1024\" height=\"768\" data-id=\"705\" src=\"https:\/\/gruene-bag-bildung.de\/wp-content\/uploads\/2023\/11\/IMG_5383-1-1024x768.webp\" alt=\"\" class=\"wp-image-705\" srcset=\"https:\/\/gruene-bag-bildung.de\/wp-content\/uploads\/2023\/11\/IMG_5383-1-1024x768.webp 1024w, https:\/\/gruene-bag-bildung.de\/wp-content\/uploads\/2023\/11\/IMG_5383-1-300x225.webp 300w, https:\/\/gruene-bag-bildung.de\/wp-content\/uploads\/2023\/11\/IMG_5383-1-768x576.webp 768w, https:\/\/gruene-bag-bildung.de\/wp-content\/uploads\/2023\/11\/IMG_5383-1-1536x1152.webp 1536w, https:\/\/gruene-bag-bildung.de\/wp-content\/uploads\/2023\/11\/IMG_5383-1-2048x1536.webp 2048w\" sizes=\"auto, (max-width: 1024px) 100vw, 1024px\" \/><\/figure>\n<\/figure>\n\n\n\n<p>Anschlie\u00dfend haben wir uns mit der <a href=\"https:\/\/www.jmwiarda.de\/2023\/10\/23\/club-ohne-richtung\/\">Evaluation der KMK<\/a> besch\u00e4ftigt. Die KMK hat die Prognos AG beauftragt die Struktur der Organisation KMK zu \u00fcberpr\u00fcfen und wird in K\u00fcrze ihren Abschlussbericht und Empfehlungen vorlegen. <\/p>\n\n\n\n<p>Anschlie\u00dfend haben wir uns am Freitag mit den <a href=\"https:\/\/www.iqb.hu-berlin.de\/bt\/BT2022\/Bericht\">Ergebnissen des IQB-Bildungstrends 2022<\/a> Sek.I f\u00fcr Deutsch und Englisch besch\u00e4ftigt. Die deutliche Verschlechterung in Deutsch (Lesen, Zuh\u00f6ren\/H\u00f6rverstehen) bezogen auf den Trend von 2015 bis 2022 ist besorgniserregend und erfordert vor allem Ma\u00dfnahmen in der fr\u00fchen Bildung und der Grundschule. Die guten Ergebnisse im Fach Englisch haben alle \u00fcberrascht, auch dazu sind weiterf\u00fchrende Analysen n\u00f6tig, ob und wie der Deutschunterricht ggf. von den Befunden im Fach Englisch lernen kann<\/p>\n\n\n\n<p> Abzuwarten bleibt auch das Gutachten der St\u00e4ndigen Wissenschaftlichen Kommission zur Lehrkr\u00e4ftegewinnung. Wir sind gespannt. <a href=\"https:\/\/www.kmk.org\/kmk\/staendige-wissenschaftliche-kommission\/termine.html\">Die Gutachtenver\u00f6ffentlichung kann man am 12.12.23 hier nachverfolgen.<\/a>  <\/p>\n\n\n\n<p>Die Lehrkr\u00e4ftegewinnung und der p\u00e4dagogisch produktive Umgang mit dem aktuellen Lehrkr\u00e4ftemangel war au\u00dferdem Thema unserer Gruppendiskussion am Samstag. In zwei Gruppendiskussionen haben wir diese beiden Herausforderungen der aktuellen Personalnotdebatte besprochen und inhaltliche Aspekte dazu gesammelt. Insbesondere haben wir in einer Arbeitsgruppe diskutiert, wie Lehrkr\u00e4fte durch selbstorganisiertes Lernen, die Nutzung au\u00dferschulischer Lernorte, jahrgangs\u00fcbergreifender und Projektunterricht aber auch durch neue Pr\u00fcfungs- und Bewertungsformate entlastet werden k\u00f6nnen. <\/p>\n\n\n\n<figure class=\"wp-block-gallery has-nested-images columns-default is-cropped wp-block-gallery-3 is-layout-flex wp-block-gallery-is-layout-flex\">\n<figure class=\"wp-block-image size-large\"><img loading=\"lazy\" decoding=\"async\" width=\"768\" height=\"1024\" data-id=\"729\" src=\"https:\/\/gruene-bag-bildung.de\/wp-content\/uploads\/2023\/11\/IMG_5409.HEIC-768x1024.jpg\" alt=\"\" class=\"wp-image-729\" srcset=\"https:\/\/gruene-bag-bildung.de\/wp-content\/uploads\/2023\/11\/IMG_5409.HEIC-768x1024.jpg 768w, https:\/\/gruene-bag-bildung.de\/wp-content\/uploads\/2023\/11\/IMG_5409.HEIC-225x300.jpg 225w, https:\/\/gruene-bag-bildung.de\/wp-content\/uploads\/2023\/11\/IMG_5409.HEIC-1152x1536.jpg 1152w, https:\/\/gruene-bag-bildung.de\/wp-content\/uploads\/2023\/11\/IMG_5409.HEIC-1536x2048.jpg 1536w, https:\/\/gruene-bag-bildung.de\/wp-content\/uploads\/2023\/11\/IMG_5409.HEIC-scaled.jpg 1920w\" sizes=\"auto, (max-width: 768px) 100vw, 768px\" \/><\/figure>\n\n\n\n<figure class=\"wp-block-image size-large\"><img loading=\"lazy\" decoding=\"async\" width=\"768\" height=\"1024\" data-id=\"728\" src=\"https:\/\/gruene-bag-bildung.de\/wp-content\/uploads\/2023\/11\/IMG_5408.HEIC-768x1024.jpg\" alt=\"\" class=\"wp-image-728\" srcset=\"https:\/\/gruene-bag-bildung.de\/wp-content\/uploads\/2023\/11\/IMG_5408.HEIC-768x1024.jpg 768w, https:\/\/gruene-bag-bildung.de\/wp-content\/uploads\/2023\/11\/IMG_5408.HEIC-225x300.jpg 225w, https:\/\/gruene-bag-bildung.de\/wp-content\/uploads\/2023\/11\/IMG_5408.HEIC-1152x1536.jpg 1152w, https:\/\/gruene-bag-bildung.de\/wp-content\/uploads\/2023\/11\/IMG_5408.HEIC-1536x2048.jpg 1536w, https:\/\/gruene-bag-bildung.de\/wp-content\/uploads\/2023\/11\/IMG_5408.HEIC-scaled.jpg 1920w\" sizes=\"auto, (max-width: 768px) 100vw, 768px\" \/><\/figure>\n\n\n\n<figure class=\"wp-block-image size-large\"><img loading=\"lazy\" decoding=\"async\" width=\"1024\" height=\"768\" data-id=\"721\" src=\"https:\/\/gruene-bag-bildung.de\/wp-content\/uploads\/2023\/11\/20231118_105115-1024x768.jpg\" alt=\"\" class=\"wp-image-721\" srcset=\"https:\/\/gruene-bag-bildung.de\/wp-content\/uploads\/2023\/11\/20231118_105115-1024x768.jpg 1024w, https:\/\/gruene-bag-bildung.de\/wp-content\/uploads\/2023\/11\/20231118_105115-300x225.jpg 300w, https:\/\/gruene-bag-bildung.de\/wp-content\/uploads\/2023\/11\/20231118_105115-768x576.jpg 768w, https:\/\/gruene-bag-bildung.de\/wp-content\/uploads\/2023\/11\/20231118_105115-1536x1152.jpg 1536w, https:\/\/gruene-bag-bildung.de\/wp-content\/uploads\/2023\/11\/20231118_105115-2048x1536.jpg 2048w\" sizes=\"auto, (max-width: 1024px) 100vw, 1024px\" \/><\/figure>\n<\/figure>\n\n\n\n<p>In der zweiten Arbeitsgruppe haben wir Ans\u00e4tze zur Gewinnung von mehr Lehrkr\u00e4ften zur Abdeckung des Unterrichts gesammelt und dort u.a. die Hochschulen als Orte der ersten Phase der Lehrerbildung in den Blick genommen. Ansatzpunkte waren hier z.B. der numerus clausus in LA-Studieng\u00e4ngen, der \u00dcbergang BA\/MA und das Verh\u00e4ltnis von Fach- und Bildungswissenschaften, fehlende KMK-Standards f\u00fcr die Fachdidaktiken.<\/p>\n\n\n\n<p>Beschlossen haben wir ein <a href=\"https:\/\/gruene-bag-bildung.de\/wp-content\/uploads\/2023\/11\/Beschluss_PositionBeruflicheBildung_BAG-Bildung_2023-11-17-final.pdf\">Impulspapier<\/a>, welches von unserer Fokusgruppe Berufliche Bildung erarbeitet wurde und die Bedeutung der beruflichen Bildung als wichtiges Handlungsfeld gr\u00fcner (Bildungs-)Politik beschreibt. Das Impulspapier wird auf der kommenden BDK in Karlsruhe auf einem Informationsstand mit Materialien zur beruflichen Bildung vorgestellt. Der Beschluss ist eine &#8222;Kurzversion&#8220; aus einem l\u00e4ngeren Hintergrundpapier mit ausf\u00fchrlicheren Erl\u00e4uterungen und Einordnungen, dass derzeit noch redaktionell bearbeitet und abgestimmt wird.<\/p>\n\n\n\n<p>Last but not least &#8211; Unsere BAG Bildung hat ein neues und gleichzeitig das bew\u00e4hrte Sprecher*innenteam wiedergew\u00e4hlt. Mit Ulrike R\u00fcger und Cola Kuhn, als BAG-Sprecher*innen und Margit Stumpp und Tino Ga\u00dfmann, als stellv. BAG-Sprecher*innenteam gehen wir nun in die kommenden zwei Jahre.<\/p>\n\n\n\n<figure class=\"wp-block-image size-large\"><img loading=\"lazy\" decoding=\"async\" width=\"768\" height=\"1024\" src=\"https:\/\/gruene-bag-bildung.de\/wp-content\/uploads\/2023\/11\/IMG_5406-768x1024.jpg\" alt=\"\" class=\"wp-image-730\" srcset=\"https:\/\/gruene-bag-bildung.de\/wp-content\/uploads\/2023\/11\/IMG_5406-768x1024.jpg 768w, https:\/\/gruene-bag-bildung.de\/wp-content\/uploads\/2023\/11\/IMG_5406-225x300.jpg 225w, https:\/\/gruene-bag-bildung.de\/wp-content\/uploads\/2023\/11\/IMG_5406-1152x1536.jpg 1152w, https:\/\/gruene-bag-bildung.de\/wp-content\/uploads\/2023\/11\/IMG_5406-1536x2048.jpg 1536w, https:\/\/gruene-bag-bildung.de\/wp-content\/uploads\/2023\/11\/IMG_5406-scaled.jpg 1920w\" sizes=\"auto, (max-width: 768px) 100vw, 768px\" \/><figcaption class=\"wp-element-caption\">Cola Kuhn, Ulrike R\u00fcger, Margit Stumpp, Tino Ga\u00dfmann (v.l.n.r.)<\/figcaption><\/figure>\n","protected":false},"excerpt":{"rendered":"<p>Am 17. und 18. November fand in Frankfurt\/Main im Spenerhaus unsere BAG-Bildung-Herbsttagung im Jahr 2023 statt. Auch dieses Mal war unsere Tagesordnung wieder einmal prall gef\u00fcllt. Im Austausch mit der [&hellip;]<\/p>\n","protected":false},"author":-1,"featured_media":717,"comment_status":"closed","ping_status":"open","sticky":false,"template":"","format":"standard","meta":{"footnotes":""},"categories":[1],"tags":[16,14,10,5,11,15,13],"class_list":["post-695","post","type-post","status-publish","format-standard","has-post-thumbnail","hentry","category-allgemein","tag-hessen","tag-kmk","tag-positionspapier","tag-schule","tag-startchancenprogramm","tag-staewiko","tag-tagungsbericht"],"_links":{"self":[{"href":"https:\/\/gruene-bag-bildung.de\/index.php\/wp-json\/wp\/v2\/posts\/695","targetHints":{"allow":["GET"]}}],"collection":[{"href":"https:\/\/gruene-bag-bildung.de\/index.php\/wp-json\/wp\/v2\/posts"}],"about":[{"href":"https:\/\/gruene-bag-bildung.de\/index.php\/wp-json\/wp\/v2\/types\/post"}],"author":[{"embeddable":true,"href":"https:\/\/gruene-bag-bildung.de\/index.php\/wp-json\/wp\/v2\/users\/3"}],"replies":[{"embeddable":true,"href":"https:\/\/gruene-bag-bildung.de\/index.php\/wp-json\/wp\/v2\/comments?post=695"}],"version-history":[{"count":11,"href":"https:\/\/gruene-bag-bildung.de\/index.php\/wp-json\/wp\/v2\/posts\/695\/revisions"}],"predecessor-version":[{"id":742,"href":"https:\/\/gruene-bag-bildung.de\/index.php\/wp-json\/wp\/v2\/posts\/695\/revisions\/742"}],"wp:featuredmedia":[{"embeddable":true,"href":"https:\/\/gruene-bag-bildung.de\/index.php\/wp-json\/wp\/v2\/media\/717"}],"wp:attachment":[{"href":"https:\/\/gruene-bag-bildung.de\/index.php\/wp-json\/wp\/v2\/media?parent=695"}],"wp:term":[{"taxonomy":"category","embeddable":true,"href":"https:\/\/gruene-bag-bildung.de\/index.php\/wp-json\/wp\/v2\/categories?post=695"},{"taxonomy":"post_tag","embeddable":true,"href":"https:\/\/gruene-bag-bildung.de\/index.php\/wp-json\/wp\/v2\/tags?post=695"}],"curies":[{"name":"wp","href":"https:\/\/api.w.org\/{rel}","templated":true}]}}