{"id":68,"date":"2021-11-27T15:01:59","date_gmt":"2021-11-27T14:01:59","guid":{"rendered":"https:\/\/wordpress02.gcms.verdigado.net\/gruene-bag-bildung\/?p=68"},"modified":"2022-11-14T13:06:37","modified_gmt":"2022-11-14T12:06:37","slug":"tagung-der-bag-bildung-am-26-27-11-21-in-berlin","status":"publish","type":"post","link":"https:\/\/gruene-bag-bildung.de\/index.php\/2021\/11\/27\/tagung-der-bag-bildung-am-26-27-11-21-in-berlin\/","title":{"rendered":"Tagung der BAG Bildung am 26.\/27.11.21 in Berlin"},"content":{"rendered":"\n<p>Am 26.11. und 27.11. tagte unsere BAG Bildung in Berlin. Am Freitag konnten wir als Auftakt die <a href=\"https:\/\/wvh-gemeinschaftsschule.de\/\">Wilhelm von Humboldt-Gemeinschaftsschule<\/a> besuchen und im Gespr\u00e4ch mit der Schulleitung und engagierten Elternsprecher*innen mehr \u00fcber das besondere Schulkonzept dieser vor einigen Jahren neu gegr\u00fcndeten Schule erfahren. Einige Besonderheiten der Schule sind u.a. die konsequente Orientierung auf jahrgangs\u00fcbergreifendes kompetenzorientiertes Lernen, selbstorganisiertes Lernen, der Verzicht auf Ziffernoten bis Klasse 9 und multiprofessionelles Teamteaching als gebundene Ganztagsschule. Das <a href=\"https:\/\/wordpress16.gcms.verdigado.net\/wp-content\/uploads\/2021\/11\/GSV_2014_Anders_Neufang_Jaeger_Dem_Menschen_zugewandt.pdf\">Konzept der Schule<\/a> k\u00f6nnt ihr im Detail hier nachlesen.<\/p>\n\n\n\n<figure class=\"wp-block-gallery has-nested-images columns-default is-cropped wp-block-gallery-2 is-layout-flex wp-block-gallery-is-layout-flex\">\n<figure class=\"wp-block-image size-large\"><img loading=\"lazy\" decoding=\"async\" width=\"1024\" height=\"768\" data-id=\"70\" src=\"https:\/\/gruene-bag-bildung.de\/wp-content\/uploads\/2021\/11\/5F7B8EF1-91AB-4E87-B749-BDA69CB11123-scaled-1-1024x768.jpeg\" alt=\"\" class=\"wp-image-70\" srcset=\"https:\/\/gruene-bag-bildung.de\/wp-content\/uploads\/2021\/11\/5F7B8EF1-91AB-4E87-B749-BDA69CB11123-scaled-1-1024x768.jpeg 1024w, https:\/\/gruene-bag-bildung.de\/wp-content\/uploads\/2021\/11\/5F7B8EF1-91AB-4E87-B749-BDA69CB11123-scaled-1-300x225.jpeg 300w, https:\/\/gruene-bag-bildung.de\/wp-content\/uploads\/2021\/11\/5F7B8EF1-91AB-4E87-B749-BDA69CB11123-scaled-1-768x576.jpeg 768w, https:\/\/gruene-bag-bildung.de\/wp-content\/uploads\/2021\/11\/5F7B8EF1-91AB-4E87-B749-BDA69CB11123-scaled-1-1536x1152.jpeg 1536w, https:\/\/gruene-bag-bildung.de\/wp-content\/uploads\/2021\/11\/5F7B8EF1-91AB-4E87-B749-BDA69CB11123-scaled-1-2048x1536.jpeg 2048w\" sizes=\"auto, (max-width: 1024px) 100vw, 1024px\" \/><\/figure>\n\n\n\n<figure class=\"wp-block-image size-large\"><img loading=\"lazy\" decoding=\"async\" width=\"1024\" height=\"768\" data-id=\"71\" src=\"https:\/\/gruene-bag-bildung.de\/wp-content\/uploads\/2021\/11\/1747E90D-0C0A-4159-8E33-1A1F44867C8C-scaled-1-1024x768.jpeg\" alt=\"\" class=\"wp-image-71\" srcset=\"https:\/\/gruene-bag-bildung.de\/wp-content\/uploads\/2021\/11\/1747E90D-0C0A-4159-8E33-1A1F44867C8C-scaled-1-1024x768.jpeg 1024w, https:\/\/gruene-bag-bildung.de\/wp-content\/uploads\/2021\/11\/1747E90D-0C0A-4159-8E33-1A1F44867C8C-scaled-1-300x225.jpeg 300w, https:\/\/gruene-bag-bildung.de\/wp-content\/uploads\/2021\/11\/1747E90D-0C0A-4159-8E33-1A1F44867C8C-scaled-1-768x576.jpeg 768w, https:\/\/gruene-bag-bildung.de\/wp-content\/uploads\/2021\/11\/1747E90D-0C0A-4159-8E33-1A1F44867C8C-scaled-1-1536x1152.jpeg 1536w, https:\/\/gruene-bag-bildung.de\/wp-content\/uploads\/2021\/11\/1747E90D-0C0A-4159-8E33-1A1F44867C8C-scaled-1-2048x1536.jpeg 2048w\" sizes=\"auto, (max-width: 1024px) 100vw, 1024px\" \/><\/figure>\n\n\n\n<figure class=\"wp-block-image size-large\"><img loading=\"lazy\" decoding=\"async\" width=\"1024\" height=\"768\" data-id=\"72\" src=\"https:\/\/gruene-bag-bildung.de\/wp-content\/uploads\/2021\/11\/DD0C1A86-A2DE-440F-BAFB-25C9FAFC2C37-scaled-1-1024x768.jpeg\" alt=\"\" class=\"wp-image-72\" srcset=\"https:\/\/gruene-bag-bildung.de\/wp-content\/uploads\/2021\/11\/DD0C1A86-A2DE-440F-BAFB-25C9FAFC2C37-scaled-1-1024x768.jpeg 1024w, https:\/\/gruene-bag-bildung.de\/wp-content\/uploads\/2021\/11\/DD0C1A86-A2DE-440F-BAFB-25C9FAFC2C37-scaled-1-300x225.jpeg 300w, https:\/\/gruene-bag-bildung.de\/wp-content\/uploads\/2021\/11\/DD0C1A86-A2DE-440F-BAFB-25C9FAFC2C37-scaled-1-768x576.jpeg 768w, https:\/\/gruene-bag-bildung.de\/wp-content\/uploads\/2021\/11\/DD0C1A86-A2DE-440F-BAFB-25C9FAFC2C37-scaled-1-1536x1152.jpeg 1536w, https:\/\/gruene-bag-bildung.de\/wp-content\/uploads\/2021\/11\/DD0C1A86-A2DE-440F-BAFB-25C9FAFC2C37-scaled-1-2048x1536.jpeg 2048w\" sizes=\"auto, (max-width: 1024px) 100vw, 1024px\" \/><\/figure>\n<\/figure>\n\n\n\n<p>Am Samstag traten wir in einen Austausch mit dem Generalsekret\u00e4r der KMK Kai Michalik \u00fcber die <a href=\"https:\/\/wordpress16.gcms.verdigado.net\/wp-content\/uploads\/2021\/11\/2020_10_15-Laendervereinbarung.pdf\">KMK-L\u00e4ndervereinbarung<\/a> aus dem Jahr 2020 sowie \u00fcber die aktuellen die Schwerpunkte der Arbeit auf KMK-Ebene. Anschlie\u00dfend waren Vertreter*innen des <a href=\"https:\/\/www.buergerrat-bildung-lernen.de\/\">B\u00fcrgerrates Bildung und Lernen<\/a> zu Gast. Gemeinsam haben die Chancen und Forderungen des B\u00fcrgerrates diskutiert.<\/p>\n\n\n\n<p>Am Nachmittag haben wir uns mit dem <a href=\"https:\/\/wordpress16.gcms.verdigado.net\/wp-content\/uploads\/2021\/11\/Koalitionsvertrag-SPD-GRUENE-FDP-2021-2025.pdf\">Koalitionsvertrag der Ampel-Koalition<\/a> auf Bundesebene befasst und uns \u00fcber die politischen Perspektiven dazu auf Bundesebene ausgetauscht.<\/p>\n","protected":false},"excerpt":{"rendered":"<p>Am 26.11. und 27.11. tagte unsere BAG Bildung in Berlin. Am Freitag konnten wir als Auftakt die Wilhelm von Humboldt-Gemeinschaftsschule besuchen und im Gespr\u00e4ch mit der Schulleitung und engagierten Elternsprecher*innen [&hellip;]<\/p>\n","protected":false},"author":-1,"featured_media":71,"comment_status":"closed","ping_status":"open","sticky":false,"template":"","format":"standard","meta":{"footnotes":""},"categories":[1],"tags":[],"class_list":["post-68","post","type-post","status-publish","format-standard","has-post-thumbnail","hentry","category-allgemein"],"_links":{"self":[{"href":"https:\/\/gruene-bag-bildung.de\/index.php\/wp-json\/wp\/v2\/posts\/68","targetHints":{"allow":["GET"]}}],"collection":[{"href":"https:\/\/gruene-bag-bildung.de\/index.php\/wp-json\/wp\/v2\/posts"}],"about":[{"href":"https:\/\/gruene-bag-bildung.de\/index.php\/wp-json\/wp\/v2\/types\/post"}],"author":[{"embeddable":true,"href":"https:\/\/gruene-bag-bildung.de\/index.php\/wp-json\/wp\/v2\/users\/3"}],"replies":[{"embeddable":true,"href":"https:\/\/gruene-bag-bildung.de\/index.php\/wp-json\/wp\/v2\/comments?post=68"}],"version-history":[{"count":1,"href":"https:\/\/gruene-bag-bildung.de\/index.php\/wp-json\/wp\/v2\/posts\/68\/revisions"}],"predecessor-version":[{"id":461,"href":"https:\/\/gruene-bag-bildung.de\/index.php\/wp-json\/wp\/v2\/posts\/68\/revisions\/461"}],"wp:featuredmedia":[{"embeddable":true,"href":"https:\/\/gruene-bag-bildung.de\/index.php\/wp-json\/wp\/v2\/media\/71"}],"wp:attachment":[{"href":"https:\/\/gruene-bag-bildung.de\/index.php\/wp-json\/wp\/v2\/media?parent=68"}],"wp:term":[{"taxonomy":"category","embeddable":true,"href":"https:\/\/gruene-bag-bildung.de\/index.php\/wp-json\/wp\/v2\/categories?post=68"},{"taxonomy":"post_tag","embeddable":true,"href":"https:\/\/gruene-bag-bildung.de\/index.php\/wp-json\/wp\/v2\/tags?post=68"}],"curies":[{"name":"wp","href":"https:\/\/api.w.org\/{rel}","templated":true}]}}