{"id":650,"date":"2023-09-25T15:32:33","date_gmt":"2023-09-25T13:32:33","guid":{"rendered":"https:\/\/gruene-bag-bildung.de\/?p=650"},"modified":"2023-09-28T17:10:28","modified_gmt":"2023-09-28T15:10:28","slug":"bildungspolitik-gehoert-in-gruene-hand","status":"publish","type":"post","link":"https:\/\/gruene-bag-bildung.de\/index.php\/2023\/09\/25\/bildungspolitik-gehoert-in-gruene-hand\/","title":{"rendered":"Bildungspolitik geh\u00f6rt in GR\u00dcNE Hand"},"content":{"rendered":"\n<p>Mit unserem <a href=\"https:\/\/gruene-bag-bildung.de\/wp-content\/uploads\/2023\/09\/2023-07-01-Positionspapier-BAG-Bildung-in-Gruene-Hand-1.pdf\">Beschluss <\/a>machen wir deutlich, dass das Politikfeld Bildung bei uns GR\u00dcNEN dringend einen h\u00f6heren Stellenwert bekommen muss, auch strukturell. Die Bedeutung von Bildung f\u00fcr viele andere Politikbereiche r\u00fcckt zu langsam ins Bewusstsein; immerhin gibt es mittlerweile wieder zwei gr\u00fcne Kultusministerinnen. Vor dem Hintergrund, dass wir in zw\u00f6lf Bundesl\u00e4ndern mitregieren, sind das aber immer noch viel zu wenig. Mit diesem Text wollen wir dazu ermutigen, den die Zukunft bestimmenden Bereich Bildung viel st\u00e4rker als elementar wahrzunehmen und verantwortlich zu gestalten. Denn gute Bildungspolitik f\u00fchrt auch zu nachhaltigem Erfolg in anderen Politikfeldern und sie ist eine wesentliche Form der Sozialpolitik!<\/p>\n\n\n\n<p><a href=\"https:\/\/gruene-bag-bildung.de\/wp-content\/uploads\/2023\/09\/2023-07-01-Positionspapier-BAG-Bildung-in-Gruene-Hand-1.pdf\">Hier nachlesen.<\/a><\/p>\n","protected":false},"excerpt":{"rendered":"<p>Mit unserem Beschluss machen wir deutlich, dass das Politikfeld Bildung bei uns GR\u00dcNEN dringend einen h\u00f6heren Stellenwert bekommen muss, auch strukturell. Die Bedeutung von Bildung f\u00fcr viele andere Politikbereiche r\u00fcckt [&hellip;]<\/p>\n","protected":false},"author":-1,"featured_media":654,"comment_status":"closed","ping_status":"open","sticky":false,"template":"","format":"standard","meta":{"footnotes":""},"categories":[1],"tags":[],"class_list":["post-650","post","type-post","status-publish","format-standard","has-post-thumbnail","hentry","category-allgemein"],"_links":{"self":[{"href":"https:\/\/gruene-bag-bildung.de\/index.php\/wp-json\/wp\/v2\/posts\/650","targetHints":{"allow":["GET"]}}],"collection":[{"href":"https:\/\/gruene-bag-bildung.de\/index.php\/wp-json\/wp\/v2\/posts"}],"about":[{"href":"https:\/\/gruene-bag-bildung.de\/index.php\/wp-json\/wp\/v2\/types\/post"}],"author":[{"embeddable":true,"href":"https:\/\/gruene-bag-bildung.de\/index.php\/wp-json\/wp\/v2\/users\/3"}],"replies":[{"embeddable":true,"href":"https:\/\/gruene-bag-bildung.de\/index.php\/wp-json\/wp\/v2\/comments?post=650"}],"version-history":[{"count":3,"href":"https:\/\/gruene-bag-bildung.de\/index.php\/wp-json\/wp\/v2\/posts\/650\/revisions"}],"predecessor-version":[{"id":659,"href":"https:\/\/gruene-bag-bildung.de\/index.php\/wp-json\/wp\/v2\/posts\/650\/revisions\/659"}],"wp:featuredmedia":[{"embeddable":true,"href":"https:\/\/gruene-bag-bildung.de\/index.php\/wp-json\/wp\/v2\/media\/654"}],"wp:attachment":[{"href":"https:\/\/gruene-bag-bildung.de\/index.php\/wp-json\/wp\/v2\/media?parent=650"}],"wp:term":[{"taxonomy":"category","embeddable":true,"href":"https:\/\/gruene-bag-bildung.de\/index.php\/wp-json\/wp\/v2\/categories?post=650"},{"taxonomy":"post_tag","embeddable":true,"href":"https:\/\/gruene-bag-bildung.de\/index.php\/wp-json\/wp\/v2\/tags?post=650"}],"curies":[{"name":"wp","href":"https:\/\/api.w.org\/{rel}","templated":true}]}}