{"id":553,"date":"2023-03-24T16:58:12","date_gmt":"2023-03-24T15:58:12","guid":{"rendered":"https:\/\/gruene-bag-bildung.de\/?p=553"},"modified":"2023-03-24T16:58:13","modified_gmt":"2023-03-24T15:58:13","slug":"unterstuetzung-fuer-die-potsdamer-erklaerung","status":"publish","type":"post","link":"https:\/\/gruene-bag-bildung.de\/index.php\/2023\/03\/24\/unterstuetzung-fuer-die-potsdamer-erklaerung\/","title":{"rendered":"Unterst\u00fctzung f\u00fcr die Potsdamer Erkl\u00e4rung"},"content":{"rendered":"\n<p>Auf unserer BAG Tagung am 11.03.2023 haben wir einstimmig die Unterst\u00fctzung der Potsdamer Erkl\u00e4rung f\u00fcr ein zukunftsf\u00e4higes Abitur beschlossen. Diese beschreibt warum und wie sich die gymnasiale Oberstufe \u00e4ndern muss. <a href=\"http:\/\/gruene-bag-bildung.de\/wp-content\/uploads\/2023\/03\/PotsdamerErklaerung_20.3.2023-final.pdf\" data-type=\"URL\" data-id=\"gruene-bag-bildung.de\/wp-content\/uploads\/2023\/03\/PotsdamerErklaerung_20.3.2023-final.pdf\">Hier nachlesen<\/a>.<\/p>\n","protected":false},"excerpt":{"rendered":"<p>Auf unserer BAG Tagung am 11.03.2023 haben wir einstimmig die Unterst\u00fctzung der Potsdamer Erkl\u00e4rung f\u00fcr ein zukunftsf\u00e4higes Abitur beschlossen. Diese beschreibt warum und wie sich die gymnasiale Oberstufe \u00e4ndern muss. [&hellip;]<\/p>\n","protected":false},"author":-1,"featured_media":556,"comment_status":"closed","ping_status":"open","sticky":false,"template":"","format":"standard","meta":{"footnotes":""},"categories":[1],"tags":[],"class_list":["post-553","post","type-post","status-publish","format-standard","has-post-thumbnail","hentry","category-allgemein"],"_links":{"self":[{"href":"https:\/\/gruene-bag-bildung.de\/index.php\/wp-json\/wp\/v2\/posts\/553","targetHints":{"allow":["GET"]}}],"collection":[{"href":"https:\/\/gruene-bag-bildung.de\/index.php\/wp-json\/wp\/v2\/posts"}],"about":[{"href":"https:\/\/gruene-bag-bildung.de\/index.php\/wp-json\/wp\/v2\/types\/post"}],"author":[{"embeddable":true,"href":"https:\/\/gruene-bag-bildung.de\/index.php\/wp-json\/wp\/v2\/users\/3"}],"replies":[{"embeddable":true,"href":"https:\/\/gruene-bag-bildung.de\/index.php\/wp-json\/wp\/v2\/comments?post=553"}],"version-history":[{"count":1,"href":"https:\/\/gruene-bag-bildung.de\/index.php\/wp-json\/wp\/v2\/posts\/553\/revisions"}],"predecessor-version":[{"id":557,"href":"https:\/\/gruene-bag-bildung.de\/index.php\/wp-json\/wp\/v2\/posts\/553\/revisions\/557"}],"wp:featuredmedia":[{"embeddable":true,"href":"https:\/\/gruene-bag-bildung.de\/index.php\/wp-json\/wp\/v2\/media\/556"}],"wp:attachment":[{"href":"https:\/\/gruene-bag-bildung.de\/index.php\/wp-json\/wp\/v2\/media?parent=553"}],"wp:term":[{"taxonomy":"category","embeddable":true,"href":"https:\/\/gruene-bag-bildung.de\/index.php\/wp-json\/wp\/v2\/categories?post=553"},{"taxonomy":"post_tag","embeddable":true,"href":"https:\/\/gruene-bag-bildung.de\/index.php\/wp-json\/wp\/v2\/tags?post=553"}],"curies":[{"name":"wp","href":"https:\/\/api.w.org\/{rel}","templated":true}]}}