{"id":377,"date":"2022-11-02T10:20:28","date_gmt":"2022-11-02T09:20:28","guid":{"rendered":"https:\/\/gruene-bag-bildung.de\/?p=377"},"modified":"2023-02-09T11:23:22","modified_gmt":"2023-02-09T10:23:22","slug":"startchancen-programm-sprachbildung-iqb-laendertrend-bag-tagung-in-hannover","status":"publish","type":"post","link":"https:\/\/gruene-bag-bildung.de\/index.php\/2022\/11\/02\/startchancen-programm-sprachbildung-iqb-laendertrend-bag-tagung-in-hannover\/","title":{"rendered":"Startchancen-Programm, Sprachbildung, Programm-Monitoring, IQB-L\u00e4ndertrend &#8211; Die BAG Tagung in Hannover 2022."},"content":{"rendered":"\n<p>Am 28.\/29.10. tagte die BAG Bildung in Hannover und hat sich dort inhaltlich vor allem mit den Entwicklungen auf Bundesebene besch\u00e4ftigt. So ging es u.a. um die Ausgestaltung des im Bund geplanten Bildungsgipfels, der kein einmaliges Format sein darf, sondern Vorlauf und Zielklarheit braucht. Ein wichtiger Schwerpunkt war die Diskussion zum Startchancen-Programm, zu dem bislang noch viel Unklarheit herrscht. So liegen bislang nur <a href=\"https:\/\/www.handelsblatt.com\/politik\/deutschland\/pdf-zum-download-startchancen-programm-zum-download\/28718440.html\">einige wenige inhaltliche Eckpunkte zum Startchancen-Programm<\/a> vor. Stichworte hierzu sind die drei geplanten F\u00f6rderdimensionen Chancenbudget, Schulsozialarbeit und Schulbau. Auch der Finanzierungsschl\u00fcssel zwischen Bund &#8211; L\u00e4nder ist offen und wie die Mittel anschlie\u00dfend verteilt werden, ist ebenso ungekl\u00e4rt. Die L\u00e4nder wollen sich nun in Workshops untereinander abstimmen, damit sie geschlossen gegen\u00fcber dem Bund auftreten. In der BAG haben wir diskutiert, wie das Startchancen-Programm ausgerichtet sein muss, damit es tats\u00e4chlich Effekte auf die Entkopplung von Herkunft und Bildungserfolg haben kann. Hierzu wollen wir ein kurzes Positionspapier erstellen. Weitere Themen waren der Digitalpakt 2.0. und die Situation zur Beschulung ukrainischer Sch\u00fcler*innen.<\/p>\n\n\n\n<figure class=\"wp-block-gallery has-nested-images columns-default is-cropped wp-block-gallery-2 is-layout-flex wp-block-gallery-is-layout-flex\">\n<figure class=\"wp-block-image size-large\"><img loading=\"lazy\" decoding=\"async\" width=\"1024\" height=\"768\" data-id=\"382\" src=\"https:\/\/gruene-bag-bildung.de\/wp-content\/uploads\/2022\/11\/IMG_1169-1024x768.jpg\" alt=\"\" class=\"wp-image-382\" srcset=\"https:\/\/gruene-bag-bildung.de\/wp-content\/uploads\/2022\/11\/IMG_1169-1024x768.jpg 1024w, https:\/\/gruene-bag-bildung.de\/wp-content\/uploads\/2022\/11\/IMG_1169-300x225.jpg 300w, https:\/\/gruene-bag-bildung.de\/wp-content\/uploads\/2022\/11\/IMG_1169-768x576.jpg 768w, https:\/\/gruene-bag-bildung.de\/wp-content\/uploads\/2022\/11\/IMG_1169-1536x1152.jpg 1536w, https:\/\/gruene-bag-bildung.de\/wp-content\/uploads\/2022\/11\/IMG_1169-2048x1536.jpg 2048w\" sizes=\"auto, (max-width: 1024px) 100vw, 1024px\" \/><\/figure>\n\n\n\n<figure class=\"wp-block-image size-large\"><img loading=\"lazy\" decoding=\"async\" width=\"1024\" height=\"768\" data-id=\"383\" src=\"https:\/\/gruene-bag-bildung.de\/wp-content\/uploads\/2022\/11\/IMG_1168-1024x768.jpg\" alt=\"\" class=\"wp-image-383\" srcset=\"https:\/\/gruene-bag-bildung.de\/wp-content\/uploads\/2022\/11\/IMG_1168-1024x768.jpg 1024w, https:\/\/gruene-bag-bildung.de\/wp-content\/uploads\/2022\/11\/IMG_1168-300x225.jpg 300w, https:\/\/gruene-bag-bildung.de\/wp-content\/uploads\/2022\/11\/IMG_1168-768x576.jpg 768w, https:\/\/gruene-bag-bildung.de\/wp-content\/uploads\/2022\/11\/IMG_1168-1536x1152.jpg 1536w, https:\/\/gruene-bag-bildung.de\/wp-content\/uploads\/2022\/11\/IMG_1168-2048x1536.jpg 2048w\" sizes=\"auto, (max-width: 1024px) 100vw, 1024px\" \/><\/figure>\n\n\n\n<figure class=\"wp-block-image size-large\"><img loading=\"lazy\" decoding=\"async\" width=\"1024\" height=\"768\" data-id=\"384\" src=\"https:\/\/gruene-bag-bildung.de\/wp-content\/uploads\/2022\/11\/IMG_1167-1024x768.jpg\" alt=\"\" class=\"wp-image-384\" srcset=\"https:\/\/gruene-bag-bildung.de\/wp-content\/uploads\/2022\/11\/IMG_1167-1024x768.jpg 1024w, https:\/\/gruene-bag-bildung.de\/wp-content\/uploads\/2022\/11\/IMG_1167-300x225.jpg 300w, https:\/\/gruene-bag-bildung.de\/wp-content\/uploads\/2022\/11\/IMG_1167-768x576.jpg 768w, https:\/\/gruene-bag-bildung.de\/wp-content\/uploads\/2022\/11\/IMG_1167-1536x1152.jpg 1536w, https:\/\/gruene-bag-bildung.de\/wp-content\/uploads\/2022\/11\/IMG_1167-2048x1536.jpg 2048w\" sizes=\"auto, (max-width: 1024px) 100vw, 1024px\" \/><\/figure>\n<\/figure>\n\n\n\n<p>Am Samstag war das Schwerpunktthema &#8222;Sprachbildung und Sprachf\u00f6rderung&#8220;. Prof. Dr. Anja Binanzer (Uni Hannover) hat in ihrem spannenden <a href=\"https:\/\/gruene-bag-bildung.de\/wp-content\/uploads\/2023\/02\/Binanzer-2022-Sprachfoerderung_ElementarPrimarbereich\u2013was_wirkt-wie.pdf\">Vortrag<\/a> auf die widerspr\u00fcchliche Studienlage zur Wirksamkeit der Sprachf\u00f6rderans\u00e4tze hingewiesen. So liegen bislang keine eindeutigen empirischen Befunde vor, ob die additive oder integrierte Sprachf\u00f6rderung tats\u00e4chlich besser ist. Klar ist, dass die Professionalisierung der Fachkr\u00e4fte eine wichtige Voraussetzung f\u00fcr Wirksamkeit ist, der Stellenwert von Sprachbildung in der Aus- und Fortbildung jedoch immer noch zu gering ist. Nur in 10 von 16 Bundesl\u00e4ndern ist Sprachbildung zudem verpflichtender Bestandteil der Lehrkr\u00e4fteausbildung.<\/p>\n\n\n\n<p>Julia Schnabel, Projektleiterin bei der <a href=\"https:\/\/www.kindersprachbruecke.de\/\">Kindersprachbr\u00fccke Jena e.V.<\/a> hat anschlie\u00dfend in ihrem <a href=\"https:\/\/gruene-bag-bildung.de\/wp-content\/uploads\/2022\/11\/BAG-Bildung-Praesi.pdf\">Vortrag <\/a>Einblicke in die praktische Sprachf\u00f6rderarbeit eines freien Tr\u00e4gers gegeben, der Schulen in vielf\u00e4ltiger Weise unterst\u00fctzt. Wichtige Handlungsfelder des Vereins sind hier Sprachf\u00f6rderangebote\/DaZ, das Bundesprogramm &#8222;Sprach-Kitas&#8220;, das Th\u00fcringer Landesprogramm &#8222;Mehrsprachigkeit ist klasse&#8220; und Fort- und Weiterbildung. Besonders wurde die Bedeutung von Fortbildung und Weiterqualifizierung, die Anerkennung von ausl\u00e4ndischen p\u00e4dagogischen Bildungsabschl\u00fcssen bzw. Schaffung echter Perspektiven f\u00fcr immigrierte p\u00e4dagogische Fachkr\u00e4fte sowie die Forcierung auf multiprofessionelle, interdisziplin\u00e4re Teams in der Bildungsarbeit herausgestellt. Die Ber\u00fccksichtigung der Lebenslagen und Bildungsbiografien von zugewanderten Kindern und Jugendlichen erfordert zudem entsprechende Nachteilsausgleiche und es bedarf der Anerkennung und F\u00f6rderung von Mehrsprachigkeit. <\/p>\n\n\n\n<p>Eckhart Klieme hat das aktuelle Impulspapier der St\u00e4ndigen Wissenschaftlichen Kommission der KMK &#8222;<a href=\"https:\/\/www.kmk.org\/fileadmin\/Dateien\/pdf\/KMK\/SWK\/2022\/SWK-2022-Impulspapier_Monitoring.pdf\">Entwicklung von Leitlinien f\u00fcr das Monitoring und die Evaluation von F\u00f6rderprogrammen im Bildungsbereich&#8220;<\/a> vorgestellt und deutlich gemacht, welchen Umfang und welche Kriterien programmbegleitende Evaluationen erf\u00fcllen m\u00fcssen, um tats\u00e4chlich eine Kontrolle der Zielerreichung, Wirkungsnachweise, Wirkungskontrollen und eine Optimierung der Umsetzung zu erf\u00fcllen.<\/p>\n\n\n\n<p>Cola Kuhn hat mit Blick auf die Ergebnisse des <a href=\"https:\/\/www.iqb.hu-berlin.de\/bt\/BT2021\/\">IQB-Bildungstrends 2021<\/a> am Beispiel des Kompetenzbereichs &#8222;Zuh\u00f6ren&#8220; auf die negative Entwicklung in allen untersuchten F\u00e4chern und Kompetenzen der getesteten Viertkl\u00e4ssler*innen. Etwa 18% der Sch\u00fcler*innen erreichen nicht den Mindeststandard im Kompetenzbereich &#8222;Zuh\u00f6ren&#8220;. Besonders stark sind Kinder mit Zuwanderungshintergrund und aus sozial weniger gut gestellten Familien von Kompetenzr\u00fcckg\u00e4ngen betroffen. Dadurch nehmen die sozialen und zuwanderungsbezogenen Ungleichheiten zu. Vor diesem Hintergrund ist sich die BAG Bildung einig, dass das kommende Startchancen-Programm sich voll und ganz auf die Grundschulen konzentrieren muss, damit es den nachhaltigsten Effekt auch f\u00fcr alle weiteren Bildungsabschnitte bewirkt!<\/p>\n","protected":false},"excerpt":{"rendered":"<p>Am 28.\/29.10. tagte die BAG Bildung in Hannover und hat sich dort inhaltlich vor allem mit den Entwicklungen auf Bundesebene besch\u00e4ftigt. So ging es u.a. um die Ausgestaltung des im [&hellip;]<\/p>\n","protected":false},"author":-1,"featured_media":384,"comment_status":"closed","ping_status":"open","sticky":false,"template":"","format":"standard","meta":{"footnotes":""},"categories":[1],"tags":[],"class_list":["post-377","post","type-post","status-publish","format-standard","has-post-thumbnail","hentry","category-allgemein"],"_links":{"self":[{"href":"https:\/\/gruene-bag-bildung.de\/index.php\/wp-json\/wp\/v2\/posts\/377","targetHints":{"allow":["GET"]}}],"collection":[{"href":"https:\/\/gruene-bag-bildung.de\/index.php\/wp-json\/wp\/v2\/posts"}],"about":[{"href":"https:\/\/gruene-bag-bildung.de\/index.php\/wp-json\/wp\/v2\/types\/post"}],"author":[{"embeddable":true,"href":"https:\/\/gruene-bag-bildung.de\/index.php\/wp-json\/wp\/v2\/users\/3"}],"replies":[{"embeddable":true,"href":"https:\/\/gruene-bag-bildung.de\/index.php\/wp-json\/wp\/v2\/comments?post=377"}],"version-history":[{"count":7,"href":"https:\/\/gruene-bag-bildung.de\/index.php\/wp-json\/wp\/v2\/posts\/377\/revisions"}],"predecessor-version":[{"id":511,"href":"https:\/\/gruene-bag-bildung.de\/index.php\/wp-json\/wp\/v2\/posts\/377\/revisions\/511"}],"wp:featuredmedia":[{"embeddable":true,"href":"https:\/\/gruene-bag-bildung.de\/index.php\/wp-json\/wp\/v2\/media\/384"}],"wp:attachment":[{"href":"https:\/\/gruene-bag-bildung.de\/index.php\/wp-json\/wp\/v2\/media?parent=377"}],"wp:term":[{"taxonomy":"category","embeddable":true,"href":"https:\/\/gruene-bag-bildung.de\/index.php\/wp-json\/wp\/v2\/categories?post=377"},{"taxonomy":"post_tag","embeddable":true,"href":"https:\/\/gruene-bag-bildung.de\/index.php\/wp-json\/wp\/v2\/tags?post=377"}],"curies":[{"name":"wp","href":"https:\/\/api.w.org\/{rel}","templated":true}]}}