{"id":1128,"date":"2025-12-05T16:52:12","date_gmt":"2025-12-05T15:52:12","guid":{"rendered":"https:\/\/gruene-bag-bildung.de\/?p=1128"},"modified":"2025-12-05T16:57:24","modified_gmt":"2025-12-05T15:57:24","slug":"bag-bildung-in-darmstadt-im-oktober-2025","status":"publish","type":"post","link":"https:\/\/gruene-bag-bildung.de\/index.php\/2025\/12\/05\/bag-bildung-in-darmstadt-im-oktober-2025\/","title":{"rendered":"BAG Bildung in Darmstadt im Oktober 2025"},"content":{"rendered":"\n<p>Am 17. und 18. Oktober 2025 kamen wir, rund 30 Delegierte aus 12 Bundesl\u00e4ndern sowie unsere Bundestagsabgeordneten, in Darmstadt zusammen. Bei unserem Bund-L\u00e4nder-Treffen der BAG Bildung haben wir uns intensiv mit den zentralen Themen der aktuellen gr\u00fcnen Bildungspolitik auseinandergesetzt.<\/p>\n\n\n\n<p><strong>Colas Abschied und Neuanfang im Sprecher*innenteam<\/strong><\/p>\n\n\n\n<p><\/p>\n\n\n\n<figure class=\"wp-block-gallery has-nested-images columns-2 is-cropped wp-block-gallery-2 is-layout-flex wp-block-gallery-is-layout-flex\">\n<figure class=\"wp-block-image size-large\"><img loading=\"lazy\" decoding=\"async\" width=\"768\" height=\"1024\" data-id=\"1150\" src=\"https:\/\/gruene-bag-bildung.de\/wp-content\/uploads\/2025\/12\/IMG_1711.HEIC-768x1024.jpg\" alt=\"\" class=\"wp-image-1150\" srcset=\"https:\/\/gruene-bag-bildung.de\/wp-content\/uploads\/2025\/12\/IMG_1711.HEIC-768x1024.jpg 768w, https:\/\/gruene-bag-bildung.de\/wp-content\/uploads\/2025\/12\/IMG_1711.HEIC-225x300.jpg 225w, https:\/\/gruene-bag-bildung.de\/wp-content\/uploads\/2025\/12\/IMG_1711.HEIC-1152x1536.jpg 1152w, https:\/\/gruene-bag-bildung.de\/wp-content\/uploads\/2025\/12\/IMG_1711.HEIC-1536x2048.jpg 1536w, https:\/\/gruene-bag-bildung.de\/wp-content\/uploads\/2025\/12\/IMG_1711.HEIC-scaled.jpg 1920w\" sizes=\"auto, (max-width: 768px) 100vw, 768px\" \/><figcaption class=\"wp-element-caption\">Abschiedrede von Cola<\/figcaption><\/figure>\n\n\n\n<figure class=\"wp-block-image size-large\"><img loading=\"lazy\" decoding=\"async\" width=\"1024\" height=\"768\" data-id=\"1129\" src=\"https:\/\/gruene-bag-bildung.de\/wp-content\/uploads\/2025\/12\/IMG_1710.HEIC-1024x768.jpg\" alt=\"\" class=\"wp-image-1129\" srcset=\"https:\/\/gruene-bag-bildung.de\/wp-content\/uploads\/2025\/12\/IMG_1710.HEIC-1024x768.jpg 1024w, https:\/\/gruene-bag-bildung.de\/wp-content\/uploads\/2025\/12\/IMG_1710.HEIC-300x225.jpg 300w, https:\/\/gruene-bag-bildung.de\/wp-content\/uploads\/2025\/12\/IMG_1710.HEIC-768x576.jpg 768w, https:\/\/gruene-bag-bildung.de\/wp-content\/uploads\/2025\/12\/IMG_1710.HEIC-1536x1152.jpg 1536w, https:\/\/gruene-bag-bildung.de\/wp-content\/uploads\/2025\/12\/IMG_1710.HEIC-2048x1536.jpg 2048w\" sizes=\"auto, (max-width: 1024px) 100vw, 1024px\" \/><figcaption class=\"wp-element-caption\">Tagung in Darmstadt<\/figcaption><\/figure>\n\n\n\n<figure class=\"wp-block-image size-large\"><img loading=\"lazy\" decoding=\"async\" width=\"1024\" height=\"768\" data-id=\"1132\" src=\"https:\/\/gruene-bag-bildung.de\/wp-content\/uploads\/2025\/12\/IMG_1721.HEIC-1024x768.jpg\" alt=\"\" class=\"wp-image-1132\" srcset=\"https:\/\/gruene-bag-bildung.de\/wp-content\/uploads\/2025\/12\/IMG_1721.HEIC-1024x768.jpg 1024w, https:\/\/gruene-bag-bildung.de\/wp-content\/uploads\/2025\/12\/IMG_1721.HEIC-300x225.jpg 300w, https:\/\/gruene-bag-bildung.de\/wp-content\/uploads\/2025\/12\/IMG_1721.HEIC-768x576.jpg 768w, https:\/\/gruene-bag-bildung.de\/wp-content\/uploads\/2025\/12\/IMG_1721.HEIC-1536x1152.jpg 1536w, https:\/\/gruene-bag-bildung.de\/wp-content\/uploads\/2025\/12\/IMG_1721.HEIC-2048x1536.jpg 2048w\" sizes=\"auto, (max-width: 1024px) 100vw, 1024px\" \/><figcaption class=\"wp-element-caption\">Das neue Sprecher*innenteam. Ulrike R\u00fcger, Tino Ga\u00dfmann, Frank Holzamer, Christin Melcher (v.l.n.r.) Margit Stumpp fehlt.<\/figcaption><\/figure>\n<\/figure>\n\n\n\n<p>Ein emotionaler Punkt unserer Tagung waren die Neuwahlen des Sprecher*innen-Teams. Nach 14 Jahren unerm\u00fcdlichem Einsatz und gro\u00dfem Engagement verabschiedeten wir Cola Kuhn aus dem Amt des Sprechers der BAG \u2013 an dieser Stelle ein riesengro\u00dfes, herzliches Dankesch\u00f6n f\u00fcr seine Kontinuit\u00e4t und seinen unsch\u00e4tzbaren Beitrag zur Arbeit der BAG Bildung in den vergangenen Jahren!<\/p>\n\n\n\n<p>Wir freuen uns, dass mit Christin Melcher (MdL Sachsen) und Frank Holzhamer (LV Hessen) ein neues Sprecher*innen-Team gew\u00e4hlt wurde. Als stellvertretende Sprecher*innen z\u00e4hlen wir weiterhin auf Ulrike R\u00fcger (Hessen), die sich nun als Stellvertreterin engagiert, sowie auf Tino Gassmann (Th\u00fcringen) und Margit Stumpp (Baden-W\u00fcrttemberg). Auch unser kooptiertes Mitglied Eckhard Klieme wurde einstimmig f\u00fcr weitere zwei Jahre best\u00e4tigt.<\/p>\n\n\n\n<p><strong>Schwerpunktthema &#8211; Demokratiebildung<\/strong><\/p>\n\n\n\n<p>Der Samstag widmete sich dem Schwerpunktthema Demokratiebildung in der Schule. Dr. Wolfgang Beutel,  (Institut f\u00fcr Didaktik der Demokratie an der Leibnis Universit\u00e4t Hannover) betonte in seinem Input, dass die Schule prodemokratische Haltungen vermitteln m\u00fcsse und eine demokratische Kultur nur durch mehr Partizipation der Sch\u00fcler*innen an substanziellen Entscheidungen gelinge. Er forderte Investitionen in eine starke Lehrerbildung und eine klare Haltung der Schule zur Verteidigung der FDGO anstelle einer strikten Neutralit\u00e4tspflicht. <\/p>\n\n\n\n<p>Ein Praxisbericht von Schulleiterin Andrea Stremme zeigte am Beispiel der Willy-Brandt-Schule Gie\u00dfen die erfolgreiche Implementierung eines inklusiven Demokratiekonzepts an einer Berufsschule, unterstrich aber den notwendigen Ressourcenbedarf. In Kleingruppen wurden anschlie\u00dfend Forderungen nach entsch\u00e4rften Curricula, einer Weiterbildungsoffensive und der Professionalisierung von Schulleitungen erarbeitet.<\/p>\n\n\n\n<figure class=\"wp-block-gallery has-nested-images columns-default is-cropped wp-block-gallery-3 is-layout-flex wp-block-gallery-is-layout-flex\">\n<figure class=\"wp-block-image size-large\"><img loading=\"lazy\" decoding=\"async\" width=\"768\" height=\"1024\" data-id=\"1139\" src=\"https:\/\/gruene-bag-bildung.de\/wp-content\/uploads\/2025\/12\/IMG_1726.HEIC-768x1024.jpg\" alt=\"\" class=\"wp-image-1139\" srcset=\"https:\/\/gruene-bag-bildung.de\/wp-content\/uploads\/2025\/12\/IMG_1726.HEIC-768x1024.jpg 768w, https:\/\/gruene-bag-bildung.de\/wp-content\/uploads\/2025\/12\/IMG_1726.HEIC-225x300.jpg 225w, https:\/\/gruene-bag-bildung.de\/wp-content\/uploads\/2025\/12\/IMG_1726.HEIC-1152x1536.jpg 1152w, https:\/\/gruene-bag-bildung.de\/wp-content\/uploads\/2025\/12\/IMG_1726.HEIC-1536x2048.jpg 1536w, https:\/\/gruene-bag-bildung.de\/wp-content\/uploads\/2025\/12\/IMG_1726.HEIC-scaled.jpg 1920w\" sizes=\"auto, (max-width: 768px) 100vw, 768px\" \/><figcaption class=\"wp-element-caption\">Dr. Beutel beim Vortrag<\/figcaption><\/figure>\n\n\n\n<figure class=\"wp-block-image size-large\"><img loading=\"lazy\" decoding=\"async\" width=\"768\" height=\"1024\" data-id=\"1140\" src=\"https:\/\/gruene-bag-bildung.de\/wp-content\/uploads\/2025\/12\/IMG_1729.HEIC-768x1024.jpg\" alt=\"\" class=\"wp-image-1140\" srcset=\"https:\/\/gruene-bag-bildung.de\/wp-content\/uploads\/2025\/12\/IMG_1729.HEIC-768x1024.jpg 768w, https:\/\/gruene-bag-bildung.de\/wp-content\/uploads\/2025\/12\/IMG_1729.HEIC-225x300.jpg 225w, https:\/\/gruene-bag-bildung.de\/wp-content\/uploads\/2025\/12\/IMG_1729.HEIC-1152x1536.jpg 1152w, https:\/\/gruene-bag-bildung.de\/wp-content\/uploads\/2025\/12\/IMG_1729.HEIC-1536x2048.jpg 1536w, https:\/\/gruene-bag-bildung.de\/wp-content\/uploads\/2025\/12\/IMG_1729.HEIC-scaled.jpg 1920w\" sizes=\"auto, (max-width: 768px) 100vw, 768px\" \/><figcaption class=\"wp-element-caption\">Gruppenarbeit<\/figcaption><\/figure>\n\n\n\n<figure class=\"wp-block-image size-large\"><img loading=\"lazy\" decoding=\"async\" width=\"768\" height=\"1024\" data-id=\"1143\" src=\"https:\/\/gruene-bag-bildung.de\/wp-content\/uploads\/2025\/12\/IMG_1730.HEIC-768x1024.jpg\" alt=\"\" class=\"wp-image-1143\" srcset=\"https:\/\/gruene-bag-bildung.de\/wp-content\/uploads\/2025\/12\/IMG_1730.HEIC-768x1024.jpg 768w, https:\/\/gruene-bag-bildung.de\/wp-content\/uploads\/2025\/12\/IMG_1730.HEIC-225x300.jpg 225w, https:\/\/gruene-bag-bildung.de\/wp-content\/uploads\/2025\/12\/IMG_1730.HEIC-1152x1536.jpg 1152w, https:\/\/gruene-bag-bildung.de\/wp-content\/uploads\/2025\/12\/IMG_1730.HEIC-1536x2048.jpg 1536w, https:\/\/gruene-bag-bildung.de\/wp-content\/uploads\/2025\/12\/IMG_1730.HEIC-scaled.jpg 1920w\" sizes=\"auto, (max-width: 768px) 100vw, 768px\" \/><figcaption class=\"wp-element-caption\">Ergebnisse der Diskussion<\/figcaption><\/figure>\n\n\n\n<figure class=\"wp-block-image size-large\"><img loading=\"lazy\" decoding=\"async\" width=\"768\" height=\"1024\" data-id=\"1142\" src=\"https:\/\/gruene-bag-bildung.de\/wp-content\/uploads\/2025\/12\/IMG_1731.HEIC-768x1024.jpg\" alt=\"\" class=\"wp-image-1142\" srcset=\"https:\/\/gruene-bag-bildung.de\/wp-content\/uploads\/2025\/12\/IMG_1731.HEIC-768x1024.jpg 768w, https:\/\/gruene-bag-bildung.de\/wp-content\/uploads\/2025\/12\/IMG_1731.HEIC-225x300.jpg 225w, https:\/\/gruene-bag-bildung.de\/wp-content\/uploads\/2025\/12\/IMG_1731.HEIC-1152x1536.jpg 1152w, https:\/\/gruene-bag-bildung.de\/wp-content\/uploads\/2025\/12\/IMG_1731.HEIC-1536x2048.jpg 1536w, https:\/\/gruene-bag-bildung.de\/wp-content\/uploads\/2025\/12\/IMG_1731.HEIC-scaled.jpg 1920w\" sizes=\"auto, (max-width: 768px) 100vw, 768px\" \/><figcaption class=\"wp-element-caption\">Ergebnisse der Diskussion<\/figcaption><\/figure>\n\n\n\n<figure class=\"wp-block-image size-large\"><img loading=\"lazy\" decoding=\"async\" width=\"1024\" height=\"768\" data-id=\"1144\" src=\"https:\/\/gruene-bag-bildung.de\/wp-content\/uploads\/2025\/12\/IMG_1728.HEIC-1024x768.jpg\" alt=\"\" class=\"wp-image-1144\" srcset=\"https:\/\/gruene-bag-bildung.de\/wp-content\/uploads\/2025\/12\/IMG_1728.HEIC-1024x768.jpg 1024w, https:\/\/gruene-bag-bildung.de\/wp-content\/uploads\/2025\/12\/IMG_1728.HEIC-300x225.jpg 300w, https:\/\/gruene-bag-bildung.de\/wp-content\/uploads\/2025\/12\/IMG_1728.HEIC-768x576.jpg 768w, https:\/\/gruene-bag-bildung.de\/wp-content\/uploads\/2025\/12\/IMG_1728.HEIC-1536x1152.jpg 1536w, https:\/\/gruene-bag-bildung.de\/wp-content\/uploads\/2025\/12\/IMG_1728.HEIC-2048x1536.jpg 2048w\" sizes=\"auto, (max-width: 1024px) 100vw, 1024px\" \/><figcaption class=\"wp-element-caption\">Gruppenarbeit<\/figcaption><\/figure>\n<\/figure>\n\n\n\n<p><strong>Alarmierende IQB-Ergebnisse: Wir brauchen eine Trendwende<\/strong><\/p>\n\n\n\n<p>Im detaillierten Bericht zum aktuellen IQB-L\u00e4ndervergleich (Mathe\/Naturwissenschaften) wurde die schlechte Trendentwicklung untermauert: 23,6% der Sch\u00fclerinnen verfehlen die Mindeststandards in Mathematik, in Chemie sind es sogar 25,4%. Ausschlaggebend f\u00fcr die Ergebnisse sind prim\u00e4r sozio\u00f6konomische Benachteiligung und die deutschen Sprachkenntnisse der Sch\u00fclerinnen (wobei 40% Migrationshintergrund haben), weniger materielle Ressourcen. Als m\u00f6gliche Wege zur Verbesserung wurden die verbindliche Verankerung der Sprachf\u00f6rderung in der Lehrer*innenausbildung und die st\u00e4rkere Vernetzung der naturwissenschaftlichen F\u00e4cher (Science-Konzept) diskutiert.<\/p>\n\n\n\n<p><strong>Kooperation Bund-L\u00e4nder und Finanzen<\/strong><\/p>\n\n\n\n<p>Aus der Bundestagsfraktion gab es Berichte zur erfolgreichen Setzung des Themas Mentale Gesundheit und der Unterst\u00fctzung des Ganztags. Gleichzeitig kritisieren wir die stockenden Verhandlungen zum Digitalpakt 2.0 und die unzureichende Finanzierung von Kitas und Schulen. Theresa betonte die Bedeutung des Sonderverm\u00f6gens f\u00fcr die Kommunen und die notwendige Klarheit bei der Finanzierung von Bund-L\u00e4nder-Aufgaben. Auch die Einf\u00fchrung eines Bildungsverlaufsregisters ist weiter in Arbeit, wobei wir die datenschutzkonforme Ausgestaltung eng begleiten.<\/p>\n\n\n\n<p><strong>Ausblick: Fr\u00fchjahrstagung zur Einwanderungsgesellschaft<\/strong><\/p>\n\n\n\n<p>Unsere Fr\u00fchjahrstagung findet am 27. und 28. Februar 2026 in Berlin statt. Wir freuen uns besonders auf ein \u00f6ffentliches Fachgespr\u00e4ch in der Heinrich-B\u00f6ll-Stiftung zum hochaktuellen Thema: \u201eBildung in der Einwanderungsgesellschaft\u201c.<\/p>\n","protected":false},"excerpt":{"rendered":"<p>Am 17. und 18. Oktober 2025 kamen wir, rund 30 Delegierte aus 12 Bundesl\u00e4ndern sowie unsere Bundestagsabgeordneten, in Darmstadt zusammen. Bei unserem Bund-L\u00e4nder-Treffen der BAG Bildung haben wir uns intensiv [&hellip;]<\/p>\n","protected":false},"author":-1,"featured_media":1132,"comment_status":"closed","ping_status":"open","sticky":false,"template":"","format":"standard","meta":{"footnotes":""},"categories":[1],"tags":[],"class_list":["post-1128","post","type-post","status-publish","format-standard","has-post-thumbnail","hentry","category-allgemein"],"_links":{"self":[{"href":"https:\/\/gruene-bag-bildung.de\/index.php\/wp-json\/wp\/v2\/posts\/1128","targetHints":{"allow":["GET"]}}],"collection":[{"href":"https:\/\/gruene-bag-bildung.de\/index.php\/wp-json\/wp\/v2\/posts"}],"about":[{"href":"https:\/\/gruene-bag-bildung.de\/index.php\/wp-json\/wp\/v2\/types\/post"}],"author":[{"embeddable":true,"href":"https:\/\/gruene-bag-bildung.de\/index.php\/wp-json\/wp\/v2\/users\/3"}],"replies":[{"embeddable":true,"href":"https:\/\/gruene-bag-bildung.de\/index.php\/wp-json\/wp\/v2\/comments?post=1128"}],"version-history":[{"count":6,"href":"https:\/\/gruene-bag-bildung.de\/index.php\/wp-json\/wp\/v2\/posts\/1128\/revisions"}],"predecessor-version":[{"id":1159,"href":"https:\/\/gruene-bag-bildung.de\/index.php\/wp-json\/wp\/v2\/posts\/1128\/revisions\/1159"}],"wp:featuredmedia":[{"embeddable":true,"href":"https:\/\/gruene-bag-bildung.de\/index.php\/wp-json\/wp\/v2\/media\/1132"}],"wp:attachment":[{"href":"https:\/\/gruene-bag-bildung.de\/index.php\/wp-json\/wp\/v2\/media?parent=1128"}],"wp:term":[{"taxonomy":"category","embeddable":true,"href":"https:\/\/gruene-bag-bildung.de\/index.php\/wp-json\/wp\/v2\/categories?post=1128"},{"taxonomy":"post_tag","embeddable":true,"href":"https:\/\/gruene-bag-bildung.de\/index.php\/wp-json\/wp\/v2\/tags?post=1128"}],"curies":[{"name":"wp","href":"https:\/\/api.w.org\/{rel}","templated":true}]}}