{"id":1045,"date":"2025-07-25T00:56:13","date_gmt":"2025-07-24T22:56:13","guid":{"rendered":"https:\/\/gruene-bag-bildung.de\/?p=1045"},"modified":"2025-07-25T01:02:51","modified_gmt":"2025-07-24T23:02:51","slug":"unsere-bag-sitzung-am-27-28-juni-2025-in-hofgeismar","status":"publish","type":"post","link":"https:\/\/gruene-bag-bildung.de\/index.php\/2025\/07\/25\/unsere-bag-sitzung-am-27-28-juni-2025-in-hofgeismar\/","title":{"rendered":"Unsere BAG-Sitzung am 27.\u201328. Juni 2025 in Hofgeismar"},"content":{"rendered":"\n<figure class=\"wp-block-gallery has-nested-images columns-default is-cropped wp-block-gallery-2 is-layout-flex wp-block-gallery-is-layout-flex\">\n<figure class=\"wp-block-image size-large\"><img loading=\"lazy\" decoding=\"async\" width=\"1024\" height=\"768\" data-id=\"1048\" src=\"https:\/\/gruene-bag-bildung.de\/wp-content\/uploads\/2025\/07\/IMG_08531.HEIC-1024x768.jpg\" alt=\"\" class=\"wp-image-1048\" srcset=\"https:\/\/gruene-bag-bildung.de\/wp-content\/uploads\/2025\/07\/IMG_08531.HEIC-1024x768.jpg 1024w, https:\/\/gruene-bag-bildung.de\/wp-content\/uploads\/2025\/07\/IMG_08531.HEIC-300x225.jpg 300w, https:\/\/gruene-bag-bildung.de\/wp-content\/uploads\/2025\/07\/IMG_08531.HEIC-768x576.jpg 768w, https:\/\/gruene-bag-bildung.de\/wp-content\/uploads\/2025\/07\/IMG_08531.HEIC-1536x1152.jpg 1536w, https:\/\/gruene-bag-bildung.de\/wp-content\/uploads\/2025\/07\/IMG_08531.HEIC-2048x1536.jpg 2048w\" sizes=\"auto, (max-width: 1024px) 100vw, 1024px\" \/><\/figure>\n\n\n\n<figure class=\"wp-block-image size-large\"><img loading=\"lazy\" decoding=\"async\" width=\"768\" height=\"1024\" data-id=\"1049\" src=\"https:\/\/gruene-bag-bildung.de\/wp-content\/uploads\/2025\/07\/IMG_0864.HEIC-768x1024.jpg\" alt=\"\" class=\"wp-image-1049\" srcset=\"https:\/\/gruene-bag-bildung.de\/wp-content\/uploads\/2025\/07\/IMG_0864.HEIC-768x1024.jpg 768w, https:\/\/gruene-bag-bildung.de\/wp-content\/uploads\/2025\/07\/IMG_0864.HEIC-225x300.jpg 225w, https:\/\/gruene-bag-bildung.de\/wp-content\/uploads\/2025\/07\/IMG_0864.HEIC-1152x1536.jpg 1152w, https:\/\/gruene-bag-bildung.de\/wp-content\/uploads\/2025\/07\/IMG_0864.HEIC-1536x2048.jpg 1536w, https:\/\/gruene-bag-bildung.de\/wp-content\/uploads\/2025\/07\/IMG_0864.HEIC-scaled.jpg 1920w\" sizes=\"auto, (max-width: 768px) 100vw, 768px\" \/><\/figure>\n\n\n\n<figure class=\"wp-block-image size-large\"><img loading=\"lazy\" decoding=\"async\" width=\"1024\" height=\"768\" data-id=\"1046\" src=\"https:\/\/gruene-bag-bildung.de\/wp-content\/uploads\/2025\/07\/IMG_08541.HEIC-1024x768.jpg\" alt=\"\" class=\"wp-image-1046\" srcset=\"https:\/\/gruene-bag-bildung.de\/wp-content\/uploads\/2025\/07\/IMG_08541.HEIC-1024x768.jpg 1024w, https:\/\/gruene-bag-bildung.de\/wp-content\/uploads\/2025\/07\/IMG_08541.HEIC-300x225.jpg 300w, https:\/\/gruene-bag-bildung.de\/wp-content\/uploads\/2025\/07\/IMG_08541.HEIC-768x576.jpg 768w, https:\/\/gruene-bag-bildung.de\/wp-content\/uploads\/2025\/07\/IMG_08541.HEIC-1536x1152.jpg 1536w, https:\/\/gruene-bag-bildung.de\/wp-content\/uploads\/2025\/07\/IMG_08541.HEIC-2048x1536.jpg 2048w\" sizes=\"auto, (max-width: 1024px) 100vw, 1024px\" \/><\/figure>\n<\/figure>\n\n\n\n<p><strong>Bericht von der Bildungsministerkonferenz<\/strong><\/p>\n\n\n\n<div class=\"wp-block-group is-nowrap is-layout-flex wp-container-core-group-is-layout-ad2f72ca wp-block-group-is-layout-flex\">\n<p>Am Freitagnachmittag startete unsere BAG-Sitzung mit einem Bericht von Theresa Schopper von der <a href=\"https:\/\/www.kmk.org\/kmk\/bildungs-mk.html\">Bildungsministerkonferenz<\/a>, die am 26.6.25 auf der Insel Poel stattfand. Die Bildungsministerkonferenz hat sich dort u.a. mit dem Schwerpunktthema der Gedenkst\u00e4ttenarbeit befasst. Ziel sei es, die Erinnerungskultur an Schulen zu st\u00e4rken und die Verbrechen des Nationalsozialismus und die Bedeutung von Freiheit, Menschenrechten und Demokratie st\u00e4rker im Bewusstsein junger Generationen zu verankern. Vereinbart wurde, die Empfehlungen zur Erinnerungskultur von 2014 zu \u00fcberarbeiten und an aktuelle gesellschaftliche Entwicklungen anzupassen, insbesondere angesichts von Antisemitismus und Extremismus. Weiteres Thema war die Ausgestaltung des Digitalpakts 2.0. <a href=\"https:\/\/www.kmk.org\/aktuelles\/artikelansicht\/digitalpakt-20-laender-draengen-auf-raschen-abschluss-der-bund-laender-verhandlungen.html\">Hier haben die L\u00e4nder auf eine z\u00fcgige Wiederaufnahme der Gespr\u00e4che zum DigitalPakt 2.0 und die rasche Finalisierung der Vereinbarungen gedr\u00e4ngt<\/a>. Zwar hat der Bund insgesamt 2,5 Mrd. Euro f\u00fcr einen Zeitraum von 4 Jahren aus dem Sonderverm\u00f6gen zugesagt, allerdings hat er daf\u00fcr keine Mittel in den Bundeshaushalt 2025 eingeplant. <a href=\"https:\/\/www.tagesschau.de\/inland\/gesellschaft\/jugendliche-kinder-social-media-tiktok-100.html\">Mit Blick auf die Frage von Altersgrenzen f\u00fcr den Zugang zu Social Media hat Bundesbildungsministerin Karin Prien die Einrichtung einer Kommission angek\u00fcndigt.<\/a><\/p>\n<\/div>\n\n\n\n<p><strong>Bericht aus der Bundestagsfraktion<\/strong><\/p>\n\n\n\n<p>Aus der <a href=\"https:\/\/www.gruene-bundestag.de\/wir-im-bundestag\/unsere-fraktion\/fachbereiche-und-arbeitsgruppen\/\">gr\u00fcnen Bundestagsfraktion<\/a> wurde anschlie\u00dfend \u00fcber die personelle Aufstellung und Verteilung der Zust\u00e4ndigkeiten berichtet. Anja Reinalter wird k\u00fcnftig in der BAG Bildung mitarbeiten und ist Berichterstatterin f\u00fcr alle Bildungsthemen. Denise Loop leitet die AG Bildung, Familie, Senior*innen, Frauen und Jugend. Misbah Khan ist politische Koordinatorin f\u00fcr den Fachbereich 5 der sich auch mit dem Thema Bildung befasst. Katharina Dr\u00f6ge wird als Fraktionsvorsitzende zu den Bildungsthemen Stellung nehmen. F\u00fcr den Bildungsetat ist Jamila Sch\u00e4fer im Haushaltsausschuss zust\u00e4ndig. Thematisch hat sich die Bundestagsfraktion mit dem Investitionsprogramm Ganztagsausbau besch\u00e4ftigt und die Fristverl\u00e4ngerung beim Mittelabruf unterst\u00fctzt. Der aktuelle Haushaltsentwurf f\u00fcr 2025 entspricht im Wesentlichen dem Ampelentwurf.<\/p>\n\n\n\n<figure class=\"wp-block-gallery has-nested-images columns-default is-cropped wp-block-gallery-3 is-layout-flex wp-block-gallery-is-layout-flex\">\n<figure class=\"wp-block-image size-large\"><img loading=\"lazy\" decoding=\"async\" width=\"1024\" height=\"768\" data-id=\"1052\" src=\"https:\/\/gruene-bag-bildung.de\/wp-content\/uploads\/2025\/07\/IMG_08571.HEIC-1024x768.jpg\" alt=\"\" class=\"wp-image-1052\" srcset=\"https:\/\/gruene-bag-bildung.de\/wp-content\/uploads\/2025\/07\/IMG_08571.HEIC-1024x768.jpg 1024w, https:\/\/gruene-bag-bildung.de\/wp-content\/uploads\/2025\/07\/IMG_08571.HEIC-300x225.jpg 300w, https:\/\/gruene-bag-bildung.de\/wp-content\/uploads\/2025\/07\/IMG_08571.HEIC-768x576.jpg 768w, https:\/\/gruene-bag-bildung.de\/wp-content\/uploads\/2025\/07\/IMG_08571.HEIC-1536x1152.jpg 1536w, https:\/\/gruene-bag-bildung.de\/wp-content\/uploads\/2025\/07\/IMG_08571.HEIC-2048x1536.jpg 2048w\" sizes=\"auto, (max-width: 1024px) 100vw, 1024px\" \/><\/figure>\n\n\n\n<figure class=\"wp-block-image size-large\"><img loading=\"lazy\" decoding=\"async\" width=\"768\" height=\"1024\" data-id=\"1051\" src=\"https:\/\/gruene-bag-bildung.de\/wp-content\/uploads\/2025\/07\/IMG_08591.HEIC-768x1024.jpg\" alt=\"\" class=\"wp-image-1051\" srcset=\"https:\/\/gruene-bag-bildung.de\/wp-content\/uploads\/2025\/07\/IMG_08591.HEIC-768x1024.jpg 768w, https:\/\/gruene-bag-bildung.de\/wp-content\/uploads\/2025\/07\/IMG_08591.HEIC-225x300.jpg 225w, https:\/\/gruene-bag-bildung.de\/wp-content\/uploads\/2025\/07\/IMG_08591.HEIC-1152x1536.jpg 1152w, https:\/\/gruene-bag-bildung.de\/wp-content\/uploads\/2025\/07\/IMG_08591.HEIC-1536x2048.jpg 1536w, https:\/\/gruene-bag-bildung.de\/wp-content\/uploads\/2025\/07\/IMG_08591.HEIC-scaled.jpg 1920w\" sizes=\"auto, (max-width: 768px) 100vw, 768px\" \/><\/figure>\n\n\n\n<figure class=\"wp-block-image size-large\"><img loading=\"lazy\" decoding=\"async\" width=\"768\" height=\"1024\" data-id=\"1056\" src=\"https:\/\/gruene-bag-bildung.de\/wp-content\/uploads\/2025\/07\/IMG_08671.HEIC-768x1024.jpg\" alt=\"\" class=\"wp-image-1056\" srcset=\"https:\/\/gruene-bag-bildung.de\/wp-content\/uploads\/2025\/07\/IMG_08671.HEIC-768x1024.jpg 768w, https:\/\/gruene-bag-bildung.de\/wp-content\/uploads\/2025\/07\/IMG_08671.HEIC-225x300.jpg 225w, https:\/\/gruene-bag-bildung.de\/wp-content\/uploads\/2025\/07\/IMG_08671.HEIC-1152x1536.jpg 1152w, https:\/\/gruene-bag-bildung.de\/wp-content\/uploads\/2025\/07\/IMG_08671.HEIC-1536x2048.jpg 1536w, https:\/\/gruene-bag-bildung.de\/wp-content\/uploads\/2025\/07\/IMG_08671.HEIC-scaled.jpg 1920w\" sizes=\"auto, (max-width: 768px) 100vw, 768px\" \/><\/figure>\n\n\n\n<figure class=\"wp-block-image size-large\"><img loading=\"lazy\" decoding=\"async\" width=\"792\" height=\"1055\" data-id=\"1059\" src=\"https:\/\/gruene-bag-bildung.de\/wp-content\/uploads\/2025\/07\/IMG_0877.HEIC-edited-1.jpg\" alt=\"\" class=\"wp-image-1059\" srcset=\"https:\/\/gruene-bag-bildung.de\/wp-content\/uploads\/2025\/07\/IMG_0877.HEIC-edited-1.jpg 792w, https:\/\/gruene-bag-bildung.de\/wp-content\/uploads\/2025\/07\/IMG_0877.HEIC-edited-1-225x300.jpg 225w, https:\/\/gruene-bag-bildung.de\/wp-content\/uploads\/2025\/07\/IMG_0877.HEIC-edited-1-769x1024.jpg 769w, https:\/\/gruene-bag-bildung.de\/wp-content\/uploads\/2025\/07\/IMG_0877.HEIC-edited-1-768x1023.jpg 768w\" sizes=\"auto, (max-width: 792px) 100vw, 792px\" \/><\/figure>\n\n\n\n<figure class=\"wp-block-image size-large\"><img loading=\"lazy\" decoding=\"async\" width=\"1024\" height=\"768\" data-id=\"1060\" src=\"https:\/\/gruene-bag-bildung.de\/wp-content\/uploads\/2025\/07\/IMG_08521.HEIC-1024x768.jpg\" alt=\"\" class=\"wp-image-1060\" srcset=\"https:\/\/gruene-bag-bildung.de\/wp-content\/uploads\/2025\/07\/IMG_08521.HEIC-1024x768.jpg 1024w, https:\/\/gruene-bag-bildung.de\/wp-content\/uploads\/2025\/07\/IMG_08521.HEIC-300x225.jpg 300w, https:\/\/gruene-bag-bildung.de\/wp-content\/uploads\/2025\/07\/IMG_08521.HEIC-768x576.jpg 768w, https:\/\/gruene-bag-bildung.de\/wp-content\/uploads\/2025\/07\/IMG_08521.HEIC-1536x1152.jpg 1536w, https:\/\/gruene-bag-bildung.de\/wp-content\/uploads\/2025\/07\/IMG_08521.HEIC-2048x1536.jpg 2048w\" sizes=\"auto, (max-width: 1024px) 100vw, 1024px\" \/><\/figure>\n\n\n\n<figure class=\"wp-block-image size-large\"><img loading=\"lazy\" decoding=\"async\" width=\"1024\" height=\"768\" data-id=\"1061\" src=\"https:\/\/gruene-bag-bildung.de\/wp-content\/uploads\/2025\/07\/IMG_08651.HEIC-1-1024x768.jpg\" alt=\"\" class=\"wp-image-1061\" srcset=\"https:\/\/gruene-bag-bildung.de\/wp-content\/uploads\/2025\/07\/IMG_08651.HEIC-1-1024x768.jpg 1024w, https:\/\/gruene-bag-bildung.de\/wp-content\/uploads\/2025\/07\/IMG_08651.HEIC-1-300x225.jpg 300w, https:\/\/gruene-bag-bildung.de\/wp-content\/uploads\/2025\/07\/IMG_08651.HEIC-1-768x576.jpg 768w, https:\/\/gruene-bag-bildung.de\/wp-content\/uploads\/2025\/07\/IMG_08651.HEIC-1-1536x1152.jpg 1536w, https:\/\/gruene-bag-bildung.de\/wp-content\/uploads\/2025\/07\/IMG_08651.HEIC-1-2048x1536.jpg 2048w\" sizes=\"auto, (max-width: 1024px) 100vw, 1024px\" \/><\/figure>\n<\/figure>\n\n\n\n<p><strong>Follow-Up-Studie zur Gesamtschulevaluation von Eckhard Klieme<\/strong><\/p>\n\n\n\n<p>Der Freitagabend bot mit einem Vortrag von Eckhard Klieme einen wissenschaftlich fundierten jedoch nicht repr\u00e4sentativen R\u00fcckblick auf die Entwicklung von Schulsystemen und Schulkulturen in den letzten 50 Jahren. Besonders eindr\u00fccklich war die Vorstellung einer Nachfolgestudie zur bekannten Gesamtschul-Evaluation durch Helmut Fend. Schulen, die bereits 1978\/79 untersucht wurden, wurden 2023 erneut befragt \u2013 mit zum Teil ern\u00fcchternden Ergebnissen. So hat sich die Idee von mehr Chancengleichheit im Bildungssystem anhand der vorliegenden Vergleichsdaten offenbar nicht erf\u00fcllt. Vielmehr zeigen sich bestehende soziale und bildungsbezogene Ungleichheiten weiterhin deutlich. Es stellen sich daran anschlie\u00dfend Fragen, wie mit der Heterogenit\u00e4t der Sch\u00fclerinnen und Sch\u00fcler besser umgegangen werden kann, wie die Attraktivit\u00e4t der Gesamtschulen gest\u00e4rkt werden kann, wie die Lehrpl\u00e4ne entschlackt werden k\u00f6nnen und wie systemischen Selektionsmechanismen gegengesteuert werden kann.<\/p>\n\n\n\n<p><strong>Blick in den Osten<\/strong><\/p>\n\n\n\n<p>Einen weiteren wichtigen Diskussionspunkt bildete am Freitag die Frage, wie gr\u00fcne Politik und insbesondere auch Bildungspolitik im Osten Deutschlands sichtbarer und wirksamer werden kann. Heiko Knopf, Bundesvorstandsmitglied mit Zust\u00e4ndigkeit f\u00fcr die BAG Bildung und die ostdeutschen L\u00e4nder, gab dazu Impulse und stellte Ans\u00e4tze zur st\u00e4rkeren strukturellen Unterst\u00fctzung vor. Ziel sei es, vor allem Debattenr\u00e4ume zu schaffen. So findet dazu beispielsweise vom 12. bis 14.9.25 das gr\u00fcne Ostival in Wittenberg statt. Etabliert werden soll auch ein Vorstandsbeirat der Empfehlungen f\u00fcr den Umgang mit den Herausforderungen gr\u00fcner Politik im Osten geben soll. Der Freitag endete gegen 21 Uhr mit einem offenen Austausch.<\/p>\n\n\n\n<p><strong>Wissenschaftliche Begleitung und Forschung f\u00fcr das Startchancen-Programm<\/strong><\/p>\n\n\n\n<p>Der Samstagvormittag stand ganz im Zeichen des wissenschaftlichen Begleitprogramms des Startchancen-Programms. Die Projektleiterin am DIPF Dr. Martina Diedrich stellte uns in einem <a href=\"https:\/\/gruene-bag-bildung.de\/wp-content\/uploads\/2025\/07\/Startchancen-BAG-Bildung-2025-06-28-Diedrich.pdf\">spannenden Vortrag (Folien zum Download hier)<\/a> zun\u00e4chst die Ziele und die Arbeit des <a href=\"https:\/\/www.dipf.de\/de\/forschung\/projekte\/wissenschaftliche-begleitung-und-forschung-fuer-das-startchancen-programm\">CHANCEN-Verbunds<\/a> vor. So begleitet das CHANCEN-Verbundprojekt das Startchancen-Programm (2024-2034) wissenschaftlich und soll Bund und L\u00e4nder dabei unterst\u00fctzen, Unterricht, Schule und Unterst\u00fctzungssysteme nachhaltig zu entwickeln.<\/p>\n\n\n\n<figure class=\"wp-block-image size-large\"><a href=\"https:\/\/www.dipf.de\/de\/forschung\/projekte\/wissenschaftliche-begleitung-und-forschung-fuer-das-startchancen-programm#0\"><img loading=\"lazy\" decoding=\"async\" width=\"1024\" height=\"576\" src=\"https:\/\/gruene-bag-bildung.de\/wp-content\/uploads\/2025\/07\/image-1200-b2d97bbe6f524fd284be479ceb9be177-1024x576.png\" alt=\"https:\/\/www.dipf.de\/de\/forschung\/projekte\/wissenschaftliche-begleitung-und-forschung-fuer-das-startchancen-programm#0\" class=\"wp-image-1062\" srcset=\"https:\/\/gruene-bag-bildung.de\/wp-content\/uploads\/2025\/07\/image-1200-b2d97bbe6f524fd284be479ceb9be177-1024x576.png 1024w, https:\/\/gruene-bag-bildung.de\/wp-content\/uploads\/2025\/07\/image-1200-b2d97bbe6f524fd284be479ceb9be177-300x169.png 300w, https:\/\/gruene-bag-bildung.de\/wp-content\/uploads\/2025\/07\/image-1200-b2d97bbe6f524fd284be479ceb9be177-768x432.png 768w, https:\/\/gruene-bag-bildung.de\/wp-content\/uploads\/2025\/07\/image-1200-b2d97bbe6f524fd284be479ceb9be177.png 1200w\" sizes=\"auto, (max-width: 1024px) 100vw, 1024px\" \/><\/a><figcaption class=\"wp-element-caption\">Quelle: <a href=\"https:\/\/www.dipf.de\/de\/forschung\/projekte\/wissenschaftliche-begleitung-und-forschung-fuer-das-startchancen-programm#0\">https:\/\/www.dipf.de\/de\/forschung\/projekte\/wissenschaftliche-begleitung-und-forschung-fuer-das-startchancen-programm#0<\/a><\/figcaption><\/figure>\n\n\n\n<p>Der Verbund ist dabei in ein Governance-Zentrum, Transfer- und Transformations-Hubs sowie Kompetenzzentren gegliedert. Das Governance-Zentrum f\u00f6rdert Kooperationen und Strategien in den Unterst\u00fctzungssystemen und adressiert die Governance-Akteure im Bund sowie in den jeweiligen L\u00e4ndern. Die Hubs fungieren auf der L\u00e4nderebene als Bindeglied zwischen Praxis, Wissenschaft und Politik und initiieren Transferprozesse. Die Kompetenzzentren entwickeln Diagnose-, Unterrichts- und Professionalisierungsmaterialien. Sie fokussieren einerseits \u00fcberfachlich als Netzwerke auf datengest\u00fctzte Qualit\u00e4tsentwicklung, \u00fcberfachliches Lernen\/Berufsorientierung und multiprofessionelle Schulentwicklung und konzentrieren sich andererseits fachlich auf Sprachbildung und Mathematik. In zwei Arbeitsgruppen vertieften wir anschlie\u00dfend die Diskussion. Eine Gruppe befasste sich mit den Auswirkungen der neuen Programme auf Schulen, Schulaufsicht und Landesinstitute, w\u00e4hrend die zweite Gruppe auf die Rolle von Landes- und Bundesbildungsministerien blickte. Nach der Kaffeepause wurden die Ergebnisse im Plenum zusammengef\u00fchrt \u2013 mit dem Ziel, gr\u00fcne Strategien zur Bildungssteuerung weiterzuentwickeln.<\/p>\n\n\n\n<p><strong>Strategische Nutzung von Bildungsdaten am Beispiel von Calgary\/Kanada<\/strong><\/p>\n\n\n\n<p>Am Nachmittag berichtete Susanne von Below von einer Bildungsreise nach Calgary (Kanada), organisiert von der <a href=\"https:\/\/www.wuebben-stiftung-bildung.org\/dokumentation-bildungsreise-kanada-2025\/\">W\u00fcbben-Stiftung<\/a>. Im Mittelpunkt stand die Frage, wie Kanada Bildungsdaten strategisch nutzt \u2013 auf Ebene der Einzelschulen ebenso wie in der Systemsteuerung. Der Bericht stie\u00df auf gro\u00dfes Interesse, da viele Ankn\u00fcpfungspunkte zur deutschen Debatte sichtbar wurden.<\/p>\n\n\n\n<p>Die BAG verst\u00e4ndigte sich darauf, dass die Fokusgruppe Berufliche Bildung einen Finanzantrag aus dem Aktionsbudget des BAG-Sprecher*innenrates f\u00fcr eine Fachtagung zum Thema &#8222;Berufsbildung als Handlungsfeld der Transformation: Strategische Konzepte GR\u00dcNER Politik&#8220;. stellt, die im Januar 2026 stattfinden soll.<\/p>\n\n\n\n<p>Es folgten L\u00e4nderberichte mit kurzen Updates zu bildungspolitischen Entwicklungen aus verschiedenen Bundesl\u00e4ndern. Die Tagung endete planm\u00e4\u00dfig um 16 Uhr \u2013 mit vielen Impulsen im Gep\u00e4ck und einem klaren Auftrag: gr\u00fcne Bildungspolitik strategisch weiterzudenken, besser zu vernetzen und gemeinsam in Bund und L\u00e4ndern wirksam zu gestalten.<\/p>\n\n\n\n<p><strong>Die n\u00e4chste Sitzung findet am 17.\/18.10. in Darmstadt statt. Es werden dort Sprecher*innenwahlen stattfinden. Bewerbungen sollen m\u00f6glichst schriftlich bis zum 15. September 2025 \u00fcber den Verteiler eingesandt werden. <a href=\"https:\/\/gruene-bag-bildung.de\/index.php\/anmeldung-zur-bag-tagung\/\">Anmeldungen sind hier m\u00f6glich.<\/a><\/strong><\/p>\n","protected":false},"excerpt":{"rendered":"<p>Bericht von der Bildungsministerkonferenz Am Freitagnachmittag startete unsere BAG-Sitzung mit einem Bericht von Theresa Schopper von der Bildungsministerkonferenz, die am 26.6.25 auf der Insel Poel stattfand. Die Bildungsministerkonferenz hat sich [&hellip;]<\/p>\n","protected":false},"author":-1,"featured_media":1047,"comment_status":"closed","ping_status":"open","sticky":false,"template":"","format":"standard","meta":{"footnotes":""},"categories":[1],"tags":[27,26,21,23,28,11,13],"class_list":["post-1045","post","type-post","status-publish","format-standard","has-post-thumbnail","hentry","category-allgemein","tag-bildungsforschung","tag-demokratiebildung","tag-digitalpakt","tag-medienbildung","tag-ostdeutschland","tag-startchancenprogramm","tag-tagungsbericht"],"_links":{"self":[{"href":"https:\/\/gruene-bag-bildung.de\/index.php\/wp-json\/wp\/v2\/posts\/1045","targetHints":{"allow":["GET"]}}],"collection":[{"href":"https:\/\/gruene-bag-bildung.de\/index.php\/wp-json\/wp\/v2\/posts"}],"about":[{"href":"https:\/\/gruene-bag-bildung.de\/index.php\/wp-json\/wp\/v2\/types\/post"}],"author":[{"embeddable":true,"href":"https:\/\/gruene-bag-bildung.de\/index.php\/wp-json\/wp\/v2\/users\/3"}],"replies":[{"embeddable":true,"href":"https:\/\/gruene-bag-bildung.de\/index.php\/wp-json\/wp\/v2\/comments?post=1045"}],"version-history":[{"count":5,"href":"https:\/\/gruene-bag-bildung.de\/index.php\/wp-json\/wp\/v2\/posts\/1045\/revisions"}],"predecessor-version":[{"id":1070,"href":"https:\/\/gruene-bag-bildung.de\/index.php\/wp-json\/wp\/v2\/posts\/1045\/revisions\/1070"}],"wp:featuredmedia":[{"embeddable":true,"href":"https:\/\/gruene-bag-bildung.de\/index.php\/wp-json\/wp\/v2\/media\/1047"}],"wp:attachment":[{"href":"https:\/\/gruene-bag-bildung.de\/index.php\/wp-json\/wp\/v2\/media?parent=1045"}],"wp:term":[{"taxonomy":"category","embeddable":true,"href":"https:\/\/gruene-bag-bildung.de\/index.php\/wp-json\/wp\/v2\/categories?post=1045"},{"taxonomy":"post_tag","embeddable":true,"href":"https:\/\/gruene-bag-bildung.de\/index.php\/wp-json\/wp\/v2\/tags?post=1045"}],"curies":[{"name":"wp","href":"https:\/\/api.w.org\/{rel}","templated":true}]}}